{"id":11399,"date":"2023-03-01T19:21:02","date_gmt":"2023-03-01T19:21:02","guid":{"rendered":"https:\/\/www.sindilat.com.br\/site\/?p=11399"},"modified":"2023-03-01T19:24:10","modified_gmt":"2023-03-01T19:24:10","slug":"01-03-2023","status":"publish","type":"post","link":"https:\/\/www.sindilat.com.br\/site\/2023\/03\/01\/01-03-2023\/","title":{"rendered":"01\/03\/2023"},"content":{"rendered":"<p><img loading=\"lazy\" decoding=\"async\" class=\"\" style=\"text-align: justify; font-size: 1rem;\" src=\"https:\/\/dl.dnzdns.com\/v\/uuURf8ABF0257\" alt=\"Newsletter Sindilat_RS\" width=\"1159\" height=\"207\"><\/p>\n<div id=\"icpbravoaccess_loaded\">\n<div id=\"icpbravoaccess_loaded\">\n<div id=\"icpbravoaccess_loaded\">\n<p style=\"text-align: justify;\">Porto Alegre, 01\u00ba de mar\u00e7o de 2023&nbsp; &nbsp; &nbsp; &nbsp; &nbsp; &nbsp; &nbsp; &nbsp; &nbsp; &nbsp; &nbsp; &nbsp; &nbsp; &nbsp; &nbsp; &nbsp; &nbsp; &nbsp; &nbsp; &nbsp; &nbsp; &nbsp; &nbsp; &nbsp; &nbsp; &nbsp; Ano 17 - N\u00b0 3.850<\/p>\n<\/div>\n<\/div>\n<\/div>\n<hr>\n<div style=\"text-align: justify;\">\n<div style=\"text-align: justify;\"><b>Sindilat e UPF lan\u00e7am programa de forma\u00e7\u00e3o na Expodireto<\/b><br \/>\n&nbsp;<br \/>\nCom o objetivo de melhorar a forma\u00e7\u00e3o de profissionais na ind\u00fastria do leite, o Sindicato da Ind\u00fastria de Latic\u00ednios do Rio Grande do Sul (Sindilat\/RS) e a Universidade de Passo Fundo (UPF) far\u00e3o o lan\u00e7amento do Programa de Forma\u00e7\u00e3o Continuada durante a Expodireto Cotrijal, em N\u00e3o-Me-Toque (RS). A iniciativa ser\u00e1 apresentada na quarta-feira (8\/3), \u00e0s 15h, na casa da UPF, atrav\u00e9s de mesa redonda com a participa\u00e7\u00e3o dos professores Carlos Bondan e Ludmilla Salazar e da reitoria da universidade, al\u00e9m do presidente do Sindilat\/RS, Guilherme Portella e do secret\u00e1rio executivo, Darlan Palharini.<br \/>\n&nbsp;<br \/>\n\u201cA oferta de forma\u00e7\u00e3o atende a uma importante demanda da ind\u00fastria para a qualifica\u00e7\u00e3o dos colaboradores, garantindo treinamento e capacita\u00e7\u00e3o adequadas tanto para os profissionais que j\u00e1 atuam na \u00e1rea, quanto para os que desejam iniciar no setor\u201d, destacou Palharini, ao detalhar a atividade em reuni\u00e3o dos associados do Sindicato nesta segunda-feira (27\/02). O curso tem previs\u00e3o de in\u00edcio em abril&nbsp; para Analista de Laborat\u00f3rio de Plataforma e, posteriormente, para Forma\u00e7\u00e3o de Equipes de Fomento para as Boas Pr\u00e1ticas Agropecu\u00e1rias (BPA).<br \/>\n&nbsp;<br \/>\n&nbsp;<br \/>\n<i><u>Sindilat na Expodireto:<\/u><\/i><br \/>\nDurante a Expodireto, o Sindilat tamb\u00e9m participar\u00e1 do 18\u00b0 F\u00f3rum Estadual do Leite, com atividades programadas para iniciarem \u00e0s 8h30min do dia 8 de mar\u00e7o, no Audit\u00f3rio Central. Nesta edi\u00e7\u00e3o, os temas em debate tratam de gest\u00e3o, efici\u00eancia e lucro na propriedade, al\u00e9m de fazerem uma an\u00e1lise sobre as perspectivas para o setor de l\u00e1cteos. A atividade \u00e9 realizada com o apoio da RTC, SmartCoop, FecoAgro\/RS e Sistema Ocergs e patroc\u00ednio do Senar\/RS, Sindilat\/RS e BRDE.<br \/>\n&nbsp;<br \/>\nConfira a programa\u00e7\u00e3o:<br \/>\n8h30min \u2013 Abertura.<br \/>\n9h \u2013 Palestra: Gest\u00e3o da Propriedade Leiteira: O que os melhores fazem para ganhar dinheiro? Christiano Nascif. Labor Rural, Vi\u00e7osa\/MG.<br \/>\n10h05min \u2013 Palestra: SmartCoop: A revolu\u00e7\u00e3o na gest\u00e3o das propriedades de leite. Larissa Zambiasi. Produtora de leite CCGL e Sucessora Familiar, Coqueiros do Sul\/RS.<br \/>\n10h40min \u2013 Palestra: Mercado de l\u00e1cteos: O que esperar para 2023? Andr\u00e9s Padilla. Rabobank, S\u00e3o Paulo\/SP.<br \/>\n11h45min \u2013 Debate entre palestrantes e participantes.<br \/>\n12h15min \u2013 Encerramento.<br \/>\n&nbsp;<br \/>\nAs informa\u00e7\u00f5es s\u00e3o da assessoria de imprensa do Sindilat\/RS<\/div>\n<div style=\"text-align: justify;\">&nbsp;<\/div>\n<\/div>\n<div id=\"icpbravoaccess_loaded\" style=\"text-align: justify;\">\n<div id=\"icpbravoaccess_loaded\" style=\"text-align: justify;\">\n<div id=\"icpbravoaccess_loaded\" style=\"text-align: justify;\">\n<hr>\n<\/div>\n<\/div>\n<div>\n<p dir=\"ltr\" style=\"text-align: justify;\"><b>A REFORMA TRIBUT\u00c1RIA E NOSSAS JABUTICABAS<br \/>\n<\/b><br \/>\n<i>S\u00e9rgio Wulff Gobetti<br \/>\n<\/i><br \/>\nDoutor em Economia, pesquisador do IPEA e ex-secret\u00e1rio-adjunto de pol\u00edtica fiscal e tribut\u00e1ria do Minist\u00e9rio da Fazenda - em artigo para Zero Hora<\/p>\n<p style=\"text-align: justify;\">&nbsp;O Brasil \u00e9 o \u00fanico pa\u00eds relevante do novo imposto e cada um tenha liberdade mundo em que a base de tributa\u00e7\u00e3o do para escolher sua pr\u00f3pria al\u00edquota. consumo \u00e9 dividida entre bens e servi\u00e7os.&nbsp;&nbsp;&nbsp; &nbsp;&nbsp;&nbsp;&nbsp; &nbsp;&nbsp;&nbsp;&nbsp;&nbsp;&nbsp;&nbsp;&nbsp;&nbsp;&nbsp;&nbsp;&nbsp;&nbsp;&nbsp;&nbsp;&nbsp;&nbsp;&nbsp;&nbsp;<\/p>\n<p style=\"text-align: justify;\">No caso dos munic\u00edpios, a autonomia Enquanto o ICMS estadual incide sobre n\u00e3o ser\u00e1 s\u00f3 preservada, mas ampliada. as mercadorias e alguns servi\u00e7os de tele- Isso porque hoje o ISS confere o poder comunica\u00e7\u00f5es, o ISS municipal incide sobre uma lista ampla de servi\u00e7os, que inclui desde a mensalidade escolar at\u00e9 a taxa do cart\u00e3o de cr\u00e9dito.<\/p>\n<p style=\"text-align: justify;\">&nbsp;Como resultado dessa divis\u00e3o, o servi\u00e7o de TV por assinatura \u00e9 tributado em 17% pelo ICMS, enquanto a Netflix e outros streamings s\u00e3o tributados em 5% pelo ISS. Alguma l\u00f3gica nisso?<\/p>\n<p style=\"text-align: justify;\">Claro que n\u00e3o. E num futuro breve ser\u00e1 imposs\u00edvel distinguir onde termina a mercadoria e come\u00e7a o servi\u00e7o.&nbsp; \u00c9 para enfrentar isso que se discute a de transi\u00e7\u00e3o, sua fatia no bolo ser\u00e1 unifica\u00e7\u00e3o dos dois impostos adotando Zida gradualmente, na medida em que o modelo das economias avan\u00e7adas: um bolo v\u00e1 crescendo, beneficiando apenas o consumo final e forma tribut\u00e1ria.<\/p>\n<p style=\"text-align: justify;\">Por isso, 10 cidades do pa\u00eds concentram 46% da receita, tr\u00eas vezes mais do que seu peso populacional. No outro extremo, 3,5 mil munic\u00edpios arrecadam apenas 1,9% do ISS.<\/p>\n<p style=\"text-align: justify;\">Com a reforma, isso mudar\u00e1, pois os munic\u00edpios poder\u00e3o tributar todo o consumo dos seus cidad\u00e3os, do p\u00e3ozinho \u00e0 conta de telefone.<\/p>\n<p style=\"text-align: justify;\">Estimamos que 96% dos munic\u00edpios do regressividade, ou seja, penaliza os mais pa\u00eds ganhariam com esse novo IVA. No pobres, que consomem mais itens tribu- RS, s\u00f3 10 cidades arrecadariam menos do&nbsp; que o atual com o ISS. Ou seja, uma mudan\u00e7a apresente maior uniformidade de carga sem percal\u00e7os, em que ningu\u00e9m perde tribut\u00e1ria. A proposta \u00e9 que Estados e de fato e todos ganham com um sistema munic\u00edpios compartilhem a gest\u00e3o do tribut\u00e1rio mais eficiente e justo. (Zero Hora)<\/p>\n<div style=\"text-align: justify;\"><b>Propriedade Refer\u00eancia Leiteira 2022 sediar\u00e1 Dia de Campo em Condor\/RS<br \/>\n<\/b><\/div>\n<div style=\"text-align: justify;\">\n<p>A propriedade Breunig Agricultura e Pecu\u00e1ria, localizada na Linha Hermann, que no ano passado destacou-se na Atividade Leiteira recebendo o 1\u00ba lugar no Pr\u00eamio Refer\u00eancia Leiteira RS, ser\u00e1 sede de um Dia de Campo. O evento \u00e9 promovido pela Emater\/RS-ASCAR e Secretaria Municipal da Agricultura de Condor, no dia 10 de mar\u00e7o, a partir das 13:00 h.<\/p>\n<\/div>\n<div style=\"text-align: justify;\">Confira com mais detalhes o que ser\u00e1 apresentado em cada esta\u00e7\u00e3o do Dia de Campo:<\/div>\n<div style=\"text-align: justify;\">1.&nbsp;&nbsp; Manejo da Alimenta\u00e7\u00e3o do gado leiteiro e de corte em per\u00edodos de estiagem;<\/div>\n<div style=\"text-align: justify;\">2.&nbsp;&nbsp; Bioinsumos para pastagens e gr\u00e3os;<\/div>\n<div style=\"text-align: justify;\">3.&nbsp;&nbsp; Imposto de Renda da Propriedade Rural;<\/div>\n<div style=\"text-align: justify;\">4.&nbsp;&nbsp; Pol\u00edticas P\u00fablicas Municipais para agricultores e pecuaristas;<\/div>\n<div style=\"text-align: justify;\">5.&nbsp;&nbsp; Ordenha Robotizada e Sistema de Produ\u00e7\u00e3o Leiteira da fam\u00edlia Breunig;<\/div>\n<div style=\"text-align: justify;\">6.&nbsp;&nbsp; Paisagismo no meio rural.<\/div>\n<div>\n<p style=\"text-align: justify;\">Mais informa\u00e7\u00f5es e inscri\u00e7\u00f5es gratuitas: (55) 9677-7434 e (55) 3379-1043<\/p>\n<p><img decoding=\"async\" src=\"https:\/\/dl.dnzdns.com\/v\/HCxha1ABF0114\" alt=\"\" data-cke-saved-src=\"https:\/\/dl.dnzdns.com\/v\/HCxha1ABF0114\"><\/p>\n<\/div>\n<\/div>\n<\/div>\n<div id=\"icpbravoaccess_loaded\" style=\"text-align: justify;\">\n<div>\n<div>&nbsp;<\/div>\n<\/div>\n<div id=\"icpbravoaccess_loaded\" style=\"text-align: justify;\">\n<div id=\"icpbravoaccess_loaded\">\n<div style=\"text-align: justify;\">\n<hr>\n<p style=\"text-align: center;\"><i style=\"font-size: 1rem;\"><b>Jogo R\u00e1pido&nbsp;<\/b><\/i><\/p>\n<\/div>\n<\/div>\n<\/div>\n<\/div>\n<div style=\"text-align: center;\">\n<p><i><b>Puni\u00e7\u00f5es da LGPD entram em vigor<\/b><br \/>\n&nbsp;Autoridade Nacional de Prote\u00e7\u00e3o de Dados (ANPD) publicou as regras para o c\u00e1lculo das penas. A Autoridade Nacional de Prote\u00e7\u00e3o de Dados (ANPD) j\u00e1 pode come\u00e7ar a aplicar as san\u00e7\u00f5es administrativas por viola\u00e7\u00e3o \u00e0 Lei Geral de Prote\u00e7\u00e3o de Dados (LGPD), que podem chegar a R$ 50 milh\u00f5es. Por meio da Resolu\u00e7\u00e3o n\u00ba 4, o \u00f3rg\u00e3o publicou ontem as regras para a defini\u00e7\u00e3o das puni\u00e7\u00f5es cab\u00edveis a cada caso e os crit\u00e9rios para o c\u00e1lculo de eventuais multas. Desde a entrada em vigor da Lei n\u00ba 13.709 (LGPD), em setembro de 2020, as fiscaliza\u00e7\u00f5es j\u00e1 haviam come\u00e7ado, mas sem a chamada \u201cdosimetria\u201d das penas as san\u00e7\u00f5es administrativas n\u00e3o podiam ser aplicadas. Segundo o diretor-presidente da autarquia, Waldemar Gon\u00e7alves Ortunho Junior, pelo menos oito processos s\u00f3 esperavam a resolu\u00e7\u00e3o para a imposi\u00e7\u00e3o da penalidades. (Valor Econ\u00f4mico)<\/i><\/p>\n<\/div>\n<div id=\"icpbravoaccess_loaded\" style=\"text-align: justify;\">\n<div id=\"icpbravoaccess_loaded\">\n<hr>\n<\/div>\n<\/div>\n<div id=\"icpbravoaccess_loaded\">&nbsp;<\/div>\n<div id=\"icpbravoaccess_loaded\">&nbsp;<\/div>\n<div id=\"icpbravoaccess_loaded\">&nbsp;<\/div>\n","protected":false},"excerpt":{"rendered":"<p>Porto Alegre, 01\u00ba de mar\u00e7o de 2023&nbsp; &nbsp; &nbsp; &nbsp; &nbsp; &nbsp; &nbsp; &nbsp; &nbsp; &nbsp; &nbsp; &nbsp; &nbsp; &nbsp; &nbsp; &nbsp; &nbsp; &nbsp; &nbsp; &nbsp; &nbsp; &nbsp; &nbsp; &nbsp; &nbsp; &nbsp; Ano 17 - N\u00b0 3.850 Sindilat e UPF lan\u00e7am programa de forma\u00e7\u00e3o na Expodireto &nbsp; Com o objetivo de melhorar a forma\u00e7\u00e3o de <a href=\"https:\/\/www.sindilat.com.br\/site\/2023\/03\/01\/01-03-2023\/\" class=\"more-link\">...continuar lendo<span class=\"screen-reader-text\"> \"01\/03\/2023\"<\/span><\/a><\/p>\n","protected":false},"author":2,"featured_media":0,"comment_status":"open","ping_status":"open","sticky":false,"template":"","format":"standard","meta":{"ngg_post_thumbnail":0,"footnotes":""},"categories":[28],"tags":[],"class_list":{"0":"post-11399","1":"post","2":"type-post","3":"status-publish","4":"format-standard","6":"category-newsletter","7":"h-entry","8":"hentry","9":"h-as-article"},"_links":{"self":[{"href":"https:\/\/www.sindilat.com.br\/site\/wp-json\/wp\/v2\/posts\/11399","targetHints":{"allow":["GET"]}}],"collection":[{"href":"https:\/\/www.sindilat.com.br\/site\/wp-json\/wp\/v2\/posts"}],"about":[{"href":"https:\/\/www.sindilat.com.br\/site\/wp-json\/wp\/v2\/types\/post"}],"author":[{"embeddable":true,"href":"https:\/\/www.sindilat.com.br\/site\/wp-json\/wp\/v2\/users\/2"}],"replies":[{"embeddable":true,"href":"https:\/\/www.sindilat.com.br\/site\/wp-json\/wp\/v2\/comments?post=11399"}],"version-history":[{"count":5,"href":"https:\/\/www.sindilat.com.br\/site\/wp-json\/wp\/v2\/posts\/11399\/revisions"}],"predecessor-version":[{"id":11404,"href":"https:\/\/www.sindilat.com.br\/site\/wp-json\/wp\/v2\/posts\/11399\/revisions\/11404"}],"wp:attachment":[{"href":"https:\/\/www.sindilat.com.br\/site\/wp-json\/wp\/v2\/media?parent=11399"}],"wp:term":[{"taxonomy":"category","embeddable":true,"href":"https:\/\/www.sindilat.com.br\/site\/wp-json\/wp\/v2\/categories?post=11399"},{"taxonomy":"post_tag","embeddable":true,"href":"https:\/\/www.sindilat.com.br\/site\/wp-json\/wp\/v2\/tags?post=11399"}],"curies":[{"name":"wp","href":"https:\/\/api.w.org\/{rel}","templated":true}]}}