{"id":11393,"date":"2023-02-28T20:33:09","date_gmt":"2023-02-28T20:33:09","guid":{"rendered":"https:\/\/www.sindilat.com.br\/site\/?p=11393"},"modified":"2023-02-28T20:45:09","modified_gmt":"2023-02-28T20:45:09","slug":"sindilat-e-upf-lancam-programa-de-formacao-na-expodireto","status":"publish","type":"post","link":"https:\/\/www.sindilat.com.br\/site\/2023\/02\/28\/sindilat-e-upf-lancam-programa-de-formacao-na-expodireto\/","title":{"rendered":"Sindilat e UPF lan\u00e7am programa de forma\u00e7\u00e3o na Expodireto"},"content":{"rendered":"<p>Com o objetivo de melhorar a forma\u00e7\u00e3o de profissionais na ind\u00fastria do leite, o Sindicato da Ind\u00fastria de Latic\u00ednios do Rio Grande do Sul (Sindilat\/RS) e a Universidade de Passo Fundo (UPF) far\u00e3o o lan\u00e7amento do Programa de Forma\u00e7\u00e3o Continuada durante a Expodireto Cotrijal, em N\u00e3o-Me-Toque (RS). A iniciativa ser\u00e1 apresentada na quarta-feira (8\/3), \u00e0s 15h, na casa da UPF, atrav\u00e9s de mesa redonda com a participa\u00e7\u00e3o dos professores Carlos Bondan e Ludmilla Salazar e da reitoria da universidade, al\u00e9m do presidente do Sindilat\/RS, Guilherme Portella e do secret\u00e1rio executivo, Darlan Palharini.<\/p>\n<p>\u201cA oferta de forma\u00e7\u00e3o atende a uma importante demanda da ind\u00fastria para a qualifica\u00e7\u00e3o dos colaboradores, garantindo treinamento e capacita\u00e7\u00e3o adequadas tanto para os profissionais que j\u00e1 atuam na \u00e1rea, quanto para os que desejam iniciar no setor\u201d, destacou Palharini, ao detalhar a atividade em reuni\u00e3o dos associados do Sindicato nesta segunda-feira (27\/02). O curso tem previs\u00e3o de in\u00edcio em abril&nbsp; para Analista de Laborat\u00f3rio de Plataforma e, posteriormente, para Forma\u00e7\u00e3o de Equipes de Fomento para as Boas Pr\u00e1ticas Agropecu\u00e1rias (BPA).<\/p>\n<p>Durante a Expodireto, o Sindilat tamb\u00e9m participar\u00e1 do 18\u00b0 F\u00f3rum Estadual do Leite, com atividades programadas para iniciarem \u00e0s 8h30min do dia 8 de mar\u00e7o, no Audit\u00f3rio Central. Nesta edi\u00e7\u00e3o, os temas em debate tratam de gest\u00e3o, efici\u00eancia e lucro na propriedade, al\u00e9m de fazerem uma an\u00e1lise sobre as perspectivas para o setor de l\u00e1cteos. A atividade \u00e9 realizada com o apoio da RTC, SmartCoop, FecoAgro\/RS e Sistema Ocergs e patroc\u00ednio do Senar\/RS, Sindilat\/RS e BRDE.<\/p>\n<p><b>Confira a programa\u00e7\u00e3o:<br \/>\n<\/b>8h30min \u2013 Abertura.<br \/>\n9h \u2013 Palestra: Gest\u00e3o da Propriedade Leiteira: O que os melhores fazem para ganhar dinheiro? Christiano Nascif. Labor Rural, Vi\u00e7osa\/MG.<br \/>\n10h05min \u2013 Palestra: SmartCoop: A revolu\u00e7\u00e3o na gest\u00e3o das propriedades de leite. Larissa Zambiasi. Produtora de leite CCGL e Sucessora Familiar, Coqueiros do Sul\/RS.<br \/>\n10h40min \u2013 Palestra: Mercado de l\u00e1cteos: O que esperar para 2023? Andr\u00e9s Padilla. Rabobank, S\u00e3o Paulo\/SP.<br \/>\n11h45min \u2013 Debate entre palestrantes e participantes.<br \/>\n12h15min&nbsp;\u2013&nbsp;Encerramento.<\/p>\n<p><strong>Foto: Marcos Gruhn<\/strong><\/p>\n","protected":false},"excerpt":{"rendered":"<p>Com o objetivo de melhorar a forma\u00e7\u00e3o de profissionais na ind\u00fastria do leite, o Sindicato da Ind\u00fastria de Latic\u00ednios do Rio Grande do Sul (Sindilat\/RS) e a Universidade de Passo Fundo (UPF) far\u00e3o o lan\u00e7amento do Programa de Forma\u00e7\u00e3o Continuada durante a Expodireto Cotrijal, em N\u00e3o-Me-Toque (RS). A iniciativa ser\u00e1 apresentada na quarta-feira (8\/3), \u00e0s <a href=\"https:\/\/www.sindilat.com.br\/site\/2023\/02\/28\/sindilat-e-upf-lancam-programa-de-formacao-na-expodireto\/\" class=\"more-link\">...continuar lendo<span class=\"screen-reader-text\"> \"Sindilat e UPF lan\u00e7am programa de forma\u00e7\u00e3o na Expodireto\"<\/span><\/a><\/p>\n","protected":false},"author":3,"featured_media":11396,"comment_status":"open","ping_status":"open","sticky":false,"template":"","format":"standard","meta":{"ngg_post_thumbnail":0,"footnotes":""},"categories":[18,31],"tags":[182,183,41,42,181],"class_list":{"0":"post-11393","1":"post","2":"type-post","3":"status-publish","4":"format-standard","5":"has-post-thumbnail","7":"category-noticias","8":"category-noticias-sindilat-tv","9":"tag-industria-de-lacteos","10":"tag-laticinio","11":"tag-leite","12":"tag-sindilat","13":"tag-upf","14":"h-entry","15":"hentry","16":"h-as-article"},"_links":{"self":[{"href":"https:\/\/www.sindilat.com.br\/site\/wp-json\/wp\/v2\/posts\/11393","targetHints":{"allow":["GET"]}}],"collection":[{"href":"https:\/\/www.sindilat.com.br\/site\/wp-json\/wp\/v2\/posts"}],"about":[{"href":"https:\/\/www.sindilat.com.br\/site\/wp-json\/wp\/v2\/types\/post"}],"author":[{"embeddable":true,"href":"https:\/\/www.sindilat.com.br\/site\/wp-json\/wp\/v2\/users\/3"}],"replies":[{"embeddable":true,"href":"https:\/\/www.sindilat.com.br\/site\/wp-json\/wp\/v2\/comments?post=11393"}],"version-history":[{"count":3,"href":"https:\/\/www.sindilat.com.br\/site\/wp-json\/wp\/v2\/posts\/11393\/revisions"}],"predecessor-version":[{"id":11397,"href":"https:\/\/www.sindilat.com.br\/site\/wp-json\/wp\/v2\/posts\/11393\/revisions\/11397"}],"wp:featuredmedia":[{"embeddable":true,"href":"https:\/\/www.sindilat.com.br\/site\/wp-json\/wp\/v2\/media\/11396"}],"wp:attachment":[{"href":"https:\/\/www.sindilat.com.br\/site\/wp-json\/wp\/v2\/media?parent=11393"}],"wp:term":[{"taxonomy":"category","embeddable":true,"href":"https:\/\/www.sindilat.com.br\/site\/wp-json\/wp\/v2\/categories?post=11393"},{"taxonomy":"post_tag","embeddable":true,"href":"https:\/\/www.sindilat.com.br\/site\/wp-json\/wp\/v2\/tags?post=11393"}],"curies":[{"name":"wp","href":"https:\/\/api.w.org\/{rel}","templated":true}]}}