{"id":11288,"date":"2023-02-07T19:29:57","date_gmt":"2023-02-07T19:29:57","guid":{"rendered":"https:\/\/www.sindilat.com.br\/site\/?p=11288"},"modified":"2023-02-07T19:31:13","modified_gmt":"2023-02-07T19:31:13","slug":"07-02-2023","status":"publish","type":"post","link":"https:\/\/www.sindilat.com.br\/site\/2023\/02\/07\/07-02-2023\/","title":{"rendered":"07\/02\/2023"},"content":{"rendered":"<p><img loading=\"lazy\" decoding=\"async\" class=\"\" style=\"text-align: justify; font-size: 1rem;\" src=\"https:\/\/dl.dnzdns.com\/v\/uuURf8ABF0257\" alt=\"Newsletter Sindilat_RS\" width=\"1159\" height=\"207\"><\/p>\n<div id=\"icpbravoaccess_loaded\">\n<div id=\"icpbravoaccess_loaded\">\n<div id=\"icpbravoaccess_loaded\">\n<p style=\"text-align: justify;\">Porto Alegre, 07 de fevereiro de 2023&nbsp; &nbsp; &nbsp; &nbsp; &nbsp; &nbsp; &nbsp; &nbsp; &nbsp; &nbsp; &nbsp; &nbsp; &nbsp; &nbsp; &nbsp; &nbsp; &nbsp; &nbsp; &nbsp; &nbsp; &nbsp; &nbsp; &nbsp; &nbsp; &nbsp; &nbsp; Ano 17 - N\u00b0 3.836<\/p>\n<\/div>\n<\/div>\n<\/div>\n<hr>\n<p style=\"text-align: justify;\"><b>Ernani Polo assume Secretaria de Desenvolvimento Econ\u00f4mico e garante di\u00e1logo com setores produtivos para alavancar economia do RS<br \/>\n<\/b><br \/>\nAo tomar posse, o novo secret\u00e1rio estadual de Desenvolvimento Econ\u00f4mico do RS, Ernani Polo, assegurou que vai investir na escuta dos setores para definir a implementa\u00e7\u00e3o de pol\u00edticas que visem ao crescimento das voca\u00e7\u00f5es produtivas do Estado. \u201cVamos conversar muito. A secretaria \u00e9 transversal e tem como miss\u00e3o encontrar solu\u00e7\u00f5es para a sociedade como um todo\u201d, disse. Polo apontou que o Fundo Opera\u00e7\u00e3o Empresa do Estado do Rio Grande do Sul (Fundopem\/RS), assim como a Junta Comercial, Banco Regional de Desenvolvimento do Extremo Sul (BRDE) e o Badesul estar\u00e3o integrados \u00e0s estrat\u00e9gias de identifica\u00e7\u00e3o das voca\u00e7\u00f5es regionais para o estabelecimento de planos de neg\u00f3cio, de aumento de produ\u00e7\u00e3o e de abertura de mercados.&nbsp;<\/p>\n<p style=\"text-align: justify;\">O presidente do Sindicato da Ind\u00fastria de Latic\u00ednios do Rio Grande do Sul (Sindilat), Guilherme Portella, avaliou como positiva para o setor a capacidade de articula\u00e7\u00e3o do secret\u00e1rio, que foi reeleito deputado estadual e j\u00e1 atuou como secret\u00e1rio da Agricultura em gest\u00f5es anteriores. \u201cA ind\u00fastria produtora de leite est\u00e1 confiante de que ele saber\u00e1 valorizar o que vem sendo feito no Rio Grande do Sul e trabalhar\u00e1 focado na constru\u00e7\u00e3o de caminhos que ajudem a fomentar e fortalecer os investimentos ativos, pois j\u00e1 demonstrou que tem um perfil din\u00e2mico e resolutivo\u201d, apontou.&nbsp;<\/p>\n<p style=\"text-align: justify;\">O secret\u00e1rio-executivo do Sindilat, Darlan Palharini, acrescenta que h\u00e1 desafios recentes para serem analisados com rela\u00e7\u00e3o ao setor leiteiro e que ser\u00e3o levados para a discuss\u00e3o com o governo, como os incentivos concedidos ao setor l\u00e1cteos em pa\u00edses como Argentina e Uruguai. \u201cVamos pautar que o Executivo esteja atento e fa\u00e7a a an\u00e1lise pela \u00f3tica que se imp\u00f5e na concorr\u00eancia entre pa\u00edses do Mercosul para preservar para a ind\u00fastria ga\u00facha uma participa\u00e7\u00e3o competitiva no mercado de l\u00e1cteos interno brasileiro\u201d, sugeriu Palharini. O dirigente acrescenta a necessidade de avan\u00e7o em outras outras pol\u00edticas j\u00e1 em curso como a certifica\u00e7\u00f5es das propriedades livres de brucelose e tuberculose.&nbsp;<\/p>\n<p style=\"text-align: justify;\">A solenidade de posse aconteceu no in\u00edcio da noite de segunda-feira (6\/2) no audit\u00f3rio do Centro Administrativo Fernando Ferrari (CAFF) em Porto Alegre - RS com a presen\u00e7a de representantes dos poderes do Estado e de diversos setores produtivos, assim como do governador Eduardo Leite (PSDB), e do vice, Gabriel Souza (MDB). \u201cDesenvolvimento \u00e9 uma tarefa de todo o governo e da sociedade ga\u00facha, que deve estar preparada para acolher todas as iniciativas. N\u00e3o \u00e9 uma tarefa apenas desta Secretaria, mas de todas as pastas. Tenho certeza de que com o secret\u00e1rio, em conjunto com as demais estruturas do governo, vamos evoluir\u201d, afirmou o governador. (Assessoria de Imprensa Sindilat\/Cr\u00e9dito: Gisele Ortolan)<\/p>\n<p style=\"text-align: justify;\"><img decoding=\"async\" src=\"https:\/\/dl.dnzdns.com\/v\/X9NHe8ABF0215\" alt=\"\" data-cke-saved-src=\"https:\/\/dl.dnzdns.com\/v\/X9NHe8ABF0215\"><\/p>\n<p style=\"text-align: justify;\"><img decoding=\"async\" src=\"https:\/\/dl.dnzdns.com\/v\/iSzo6eABF0248\" alt=\"\" data-cke-saved-src=\"https:\/\/dl.dnzdns.com\/v\/iSzo6eABF0248\"><\/p>\n<div id=\"icpbravoaccess_loaded\" style=\"text-align: justify;\">\n<div id=\"icpbravoaccess_loaded\" style=\"text-align: justify;\">\n<div id=\"icpbravoaccess_loaded\" style=\"text-align: justify;\">\n<hr>\n<div style=\"text-align: justify;\">\n<p style=\"text-align: justify;\"><b>GDT - 07\/02\/2023<\/b><\/p>\n<p style=\"text-align: justify;\"><img decoding=\"async\" src=\"https:\/\/dl.dnzdns.com\/v\/FpYWe6ABF0414\" alt=\"\" data-cke-saved-src=\"https:\/\/dl.dnzdns.com\/v\/FpYWe6ABF0414\"><br \/>\n(Fonte: GDT)<\/p>\n<p style=\"text-align: justify;\"><b>Informativo Conjuntural 1748 de 02 de fevereiro de 2023<br \/>\n<\/b><br \/>\n<u>Bovinocultura de Leite<br \/>\n<\/u>A produ\u00e7\u00e3o de leite segue em queda. Nas propriedades com sistema de produ\u00e7\u00e3o a pasto, o impacto \u00e9 maior. As temperaturas elevadas afetam o bem-estar dos animais, reduzindo o consumo de alimentos dos rebanhos leiteiros. A ocorr\u00eancia de poucas chuvas favoreceu o manejo da ordenha e das condi\u00e7\u00f5es de higiene e qualidade do leite. Com a estiagem, h\u00e1 poucos registros de infesta\u00e7\u00f5es por ectoparasitos comuns nesta \u00e9poca do ano, como carrapato bovino. Somente nos locais com registros de chuva, h\u00e1 necessidade de maior n\u00famero de tratamentos. A margem de lucro dos produtores na comercializa\u00e7\u00e3o do leite segue baixa, pois os custos de produ\u00e7\u00e3o subiram e t\u00eam se mantido elevados, enquanto os pre\u00e7os, que haviam melhorado, voltaram a cair. Na regional da Emater\/RS-Ascar de Bag\u00e9, apesar dos n\u00fameros das principais empresas com atua\u00e7\u00e3o em Acegu\u00e1 apontarem para um n\u00edvel de produ\u00e7\u00e3o semelhante ao mesmo per\u00edodo do ano passado, muitos produtores de menor porte est\u00e3o sofrendo grandes preju\u00edzos no volume de leite comercializado devido \u00e0 gradativa restri\u00e7\u00e3o na disponibilidade de \u00e1gua e de pastagens. Nas m\u00e9dias e grandes propriedades, a produ\u00e7\u00e3o tem sido mantida \u00e0 base de suplementa\u00e7\u00e3o com feno, silagem e ra\u00e7\u00e3o, alimentos que seriam guardados para serem utilizados nos meses de outono e inverno. Na de Iju\u00ed, nos sistemas de produ\u00e7\u00e3o confinados, a produ\u00e7\u00e3o est\u00e1 est\u00e1vel, por\u00e9m h\u00e1 muita dificuldade para manter o ambiente com temperaturas favor\u00e1veis aos animais. Na de Pelotas, a ocorr\u00eancia de chuvas, em v\u00e1rias localidades com produ\u00e7\u00e3o leiteira, melhorou a oferta forrageira. Em Cangu\u00e7u, alguns produtores realizaram a instala\u00e7\u00e3o de sistemas de irriga\u00e7\u00e3o. Na de Porto Alegre, a ocorr\u00eancia de chuvas leves permitiu o rebrote de pastagens, mas ainda n\u00e3o foi suficiente para recuperar as aguadas. Na de Santa Maria, os produtores seguem acumulando preju\u00edzos devido \u00e0 diminui\u00e7\u00e3o da produ\u00e7\u00e3o. Estima-se que cerca de 100 mil litros de leite deixam de ser coletados diariamente. Na de Santa Rosa, a produ\u00e7\u00e3o de leite di\u00e1ria est\u00e1 baixando a cada semana; h\u00e1 o registro de produ\u00e7\u00e3o di\u00e1ria de 1.550.000 de litros de leite, o que representa 12% de redu\u00e7\u00e3o em rela\u00e7\u00e3o \u00e0 produ\u00e7\u00e3o de novembro de 2022. Somente algumas localidades tiveram registro de chuvas, que amenizaram a situa\u00e7\u00e3o de estiagem, mas a grande maioria das \u00e1reas segue sem oferta de pastagens. J\u00e1 nas propriedades que utilizam sistemas semiconfinados ou confina\u00e7\u00e3o total, os reflexos ainda n\u00e3o s\u00e3o t\u00e3o percept\u00edveis em rela\u00e7\u00e3o \u00e0 produtividade. Na de Soledade, as lavouras de milho semeadas em outubro e em novembro est\u00e3o com potencial de produ\u00e7\u00e3o bastante comprometido em fun\u00e7\u00e3o da estiagem.<\/p>\n<p style=\"text-align: justify;\"><u>Milho silagem&nbsp;<br \/>\n<\/u>A \u00e1rea estimada de cultivo de milho silagem \u00e9 de 365.467 hectares, e a produtividade esperada inicialmente \u00e9 de 37.857 kg\/ha. Houve prosseguimento na colheita, e as perdas causadas pela estiagem foram confirmadas na maior parte dos 434 munic\u00edpios pesquisados. Os danos s\u00e3o maiores nas regi\u00f5es administrativas da Emater\/RS-Ascar de Santa Maria e Iju\u00ed, com expectativa de redu\u00e7\u00e3o entre 50% e 60% na produtividade. Nas de Frederico Westphalen e Pelotas, as perdas estimadas variam entre 40% e 45%; nas regi\u00f5es de Bag\u00e9, Erechim, Lajeado e Santa Rosa, entre 30% e 35%; e nas de Passo Fundo, Porto Alegre e Soledade, s\u00e3o entre 20% e 25%. Os menores efeitos foram sentidos na de Caxias do Sul, com estimativa de redu\u00e7\u00e3o de aproximadamente 5% no volume produzido. Na regional de Erechim, no per\u00edodo, a cultura manifestou sintomas de estresse, causados pelas temperaturas altas e pela falta de umidade no solo. Foram colhidas 70% das \u00e1reas, e os produtores retomaram o plantio, ap\u00f3s a ocorr\u00eancia de chuvas. A produtividade obtida variou 30 e 35 t\/ha, com qualidade tamb\u00e9m vari\u00e1vel. Na de Frederico Westphalen, as lavouras implantadas em 2022 est\u00e3o 90% colhidas, e 10% em ponto de corte para ser ensilado. As implantadas em janeiro, em safrinha, est\u00e3o em desenvolvimento vegetativo. Na de Santa Rosa, continuou o corte antecipado para evitar a diminui\u00e7\u00e3o da qualidade da massa vegetal a ser ensilada. Cerca de 80% dos cultivos foram cortados, e a produ\u00e7\u00e3o \u00e9 estimada em 20 t\/ha. (Emater)<\/p>\n<\/div>\n<\/div>\n<div id=\"icpbravoaccess_loaded\">\n<div style=\"text-align: justify;\">\n<hr>\n<p style=\"text-align: center;\"><i style=\"font-size: 1rem;\"><b>Jogo R\u00e1pido&nbsp;<\/b><\/i><\/p>\n<\/div>\n<\/div>\n<\/div>\n<\/div>\n<div style=\"text-align: center;\">\n<p><i><b>Concurso de Queijos<br \/>\n<\/b>Um concurso de queijos Emater e Secretaria da Agricultura, Pecu\u00e1ria e Abastecimento de Caxias do Sul (Smapa) v\u00e3o promover o 1\u00ba Concurso Regional de Queijos Artesanais da cidade. As inscri\u00e7\u00f5es est\u00e3o abertas a produtores de queijo de toda regi\u00e3o e podem ser feitas at\u00e9 15 de fevereiro. \u00c9 para estimular a melhoria da qualidade dos queijos produzidos na regi\u00e3o e valorizar sua produ\u00e7\u00e3o artesanal. O julgamento dos inscritos ser\u00e1 no dia 24 de fevereiro, no Cevitis (antiga Fepagro), em Fazenda Souza. (Jornal do Com\u00e9rcio)<\/i><\/p>\n<\/div>\n<div id=\"icpbravoaccess_loaded\" style=\"text-align: justify;\">\n<div id=\"icpbravoaccess_loaded\">\n<hr>\n<\/div>\n<\/div>\n<div id=\"icpbravoaccess_loaded\">&nbsp;<\/div>\n<div id=\"icpbravoaccess_loaded\">&nbsp;<\/div>\n<div id=\"icpbravoaccess_loaded\">&nbsp;<\/div>\n","protected":false},"excerpt":{"rendered":"<p>Porto Alegre, 07 de fevereiro de 2023&nbsp; &nbsp; &nbsp; &nbsp; &nbsp; &nbsp; &nbsp; &nbsp; &nbsp; &nbsp; &nbsp; &nbsp; &nbsp; &nbsp; &nbsp; &nbsp; &nbsp; &nbsp; &nbsp; &nbsp; &nbsp; &nbsp; &nbsp; &nbsp; &nbsp; &nbsp; Ano 17 - N\u00b0 3.836 Ernani Polo assume Secretaria de Desenvolvimento Econ\u00f4mico e garante di\u00e1logo com setores produtivos para alavancar economia do RS <a href=\"https:\/\/www.sindilat.com.br\/site\/2023\/02\/07\/07-02-2023\/\" class=\"more-link\">...continuar lendo<span class=\"screen-reader-text\"> \"07\/02\/2023\"<\/span><\/a><\/p>\n","protected":false},"author":2,"featured_media":0,"comment_status":"open","ping_status":"open","sticky":false,"template":"","format":"standard","meta":{"ngg_post_thumbnail":0,"footnotes":""},"categories":[28],"tags":[],"class_list":{"0":"post-11288","1":"post","2":"type-post","3":"status-publish","4":"format-standard","6":"category-newsletter","7":"h-entry","8":"hentry","9":"h-as-article"},"_links":{"self":[{"href":"https:\/\/www.sindilat.com.br\/site\/wp-json\/wp\/v2\/posts\/11288","targetHints":{"allow":["GET"]}}],"collection":[{"href":"https:\/\/www.sindilat.com.br\/site\/wp-json\/wp\/v2\/posts"}],"about":[{"href":"https:\/\/www.sindilat.com.br\/site\/wp-json\/wp\/v2\/types\/post"}],"author":[{"embeddable":true,"href":"https:\/\/www.sindilat.com.br\/site\/wp-json\/wp\/v2\/users\/2"}],"replies":[{"embeddable":true,"href":"https:\/\/www.sindilat.com.br\/site\/wp-json\/wp\/v2\/comments?post=11288"}],"version-history":[{"count":2,"href":"https:\/\/www.sindilat.com.br\/site\/wp-json\/wp\/v2\/posts\/11288\/revisions"}],"predecessor-version":[{"id":11291,"href":"https:\/\/www.sindilat.com.br\/site\/wp-json\/wp\/v2\/posts\/11288\/revisions\/11291"}],"wp:attachment":[{"href":"https:\/\/www.sindilat.com.br\/site\/wp-json\/wp\/v2\/media?parent=11288"}],"wp:term":[{"taxonomy":"category","embeddable":true,"href":"https:\/\/www.sindilat.com.br\/site\/wp-json\/wp\/v2\/categories?post=11288"},{"taxonomy":"post_tag","embeddable":true,"href":"https:\/\/www.sindilat.com.br\/site\/wp-json\/wp\/v2\/tags?post=11288"}],"curies":[{"name":"wp","href":"https:\/\/api.w.org\/{rel}","templated":true}]}}