{"id":11284,"date":"2023-02-07T12:23:25","date_gmt":"2023-02-07T12:23:25","guid":{"rendered":"https:\/\/www.sindilat.com.br\/site\/?p=11284"},"modified":"2023-02-10T11:55:37","modified_gmt":"2023-02-10T11:55:37","slug":"ernani-polo-assume-secretaria-de-desenvolvimento-economico-e-garante-dialogo-com-setores-produtivos-para-alavancar-economia-do-rs","status":"publish","type":"post","link":"https:\/\/www.sindilat.com.br\/site\/2023\/02\/07\/ernani-polo-assume-secretaria-de-desenvolvimento-economico-e-garante-dialogo-com-setores-produtivos-para-alavancar-economia-do-rs\/","title":{"rendered":"Ernani Polo assume Secretaria de Desenvolvimento Econ\u00f4mico e garante di\u00e1logo com setores produtivos para alavancar economia do RS"},"content":{"rendered":"<p>Ao tomar posse, o novo secret\u00e1rio estadual de Desenvolvimento Econ\u00f4mico do RS, Ernani Polo, assegurou que vai investir na escuta dos setores para definir a implementa\u00e7\u00e3o de pol\u00edticas que visem ao crescimento das voca\u00e7\u00f5es produtivas do Estado. \u201cVamos conversar muito. A secretaria \u00e9 transversal e tem como miss\u00e3o encontrar solu\u00e7\u00f5es para a sociedade como um todo\u201d, disse. Polo apontou que o Fundo Opera\u00e7\u00e3o Empresa do Estado do Rio Grande do Sul (Fundopem\/RS), assim como a Junta Comercial, Banco Regional de Desenvolvimento do Extremo Sul (BRDE) e o Badesul estar\u00e3o integrados \u00e0s estrat\u00e9gias de identifica\u00e7\u00e3o das voca\u00e7\u00f5es regionais para o estabelecimento de planos de neg\u00f3cio, de aumento de produ\u00e7\u00e3o e de abertura de mercados.<br \/>\nO presidente do Sindicato da Ind\u00fastria de Latic\u00ednios do Rio Grande do Sul (Sindilat), Guilherme Portella, avaliou como positiva para o setor a capacidade de articula\u00e7\u00e3o do secret\u00e1rio, que foi reeleito deputado estadual e j\u00e1 atuou como secret\u00e1rio da Agricultura em gest\u00f5es anteriores. \u201cA ind\u00fastria produtora de leite est\u00e1 confiante de que ele saber\u00e1 valorizar o que vem sendo feito no Rio Grande do Sul e trabalhar\u00e1 focado na constru\u00e7\u00e3o de caminhos que ajudem a fomentar e fortalecer os investimentos ativos, pois j\u00e1 demonstrou que tem um perfil din\u00e2mico e resolutivo\u201d, apontou.<br \/>\nO secret\u00e1rio-executivo do Sindilat, Darlan Palharini, acrescenta que h\u00e1 desafios recentes para serem analisados com rela\u00e7\u00e3o ao setor leiteiro e que ser\u00e3o levados para a discuss\u00e3o com o governo, como os incentivos concedidos ao setor l\u00e1cteos em pa\u00edses como Argentina e Uruguai. \u201cVamos pautar que o Executivo esteja atento e fa\u00e7a a an\u00e1lise pela \u00f3tica que se imp\u00f5e na concorr\u00eancia entre pa\u00edses do Mercosul para preservar para a ind\u00fastria ga\u00facha uma participa\u00e7\u00e3o competitiva no mercado de l\u00e1cteos interno brasileiro\u201d, sugeriu Palharini. O dirigente acrescenta a necessidade de avan\u00e7o em outras outras pol\u00edticas j\u00e1 em curso como a certifica\u00e7\u00f5es das propriedades livres de brucelose e tuberculose.<br \/>\nA solenidade de posse aconteceu no in\u00edcio da noite de segunda-feira (6\/2) no audit\u00f3rio do Centro Administrativo Fernando Ferrari (CAFF) em Porto Alegre - RS com a presen\u00e7a de representantes dos poderes do Estado e de diversos setores produtivos, assim como do governador Eduardo Leite (PSDB), e do vice, Gabriel Souza (MDB). \u201cDesenvolvimento \u00e9 uma tarefa de todo o governo e da sociedade ga\u00facha, que deve estar preparada para acolher todas as iniciativas. N\u00e3o \u00e9 uma tarefa apenas desta Secretaria, mas de todas as pastas. Tenho certeza de que com o secret\u00e1rio, em conjunto com as demais estruturas do governo, vamos evoluir\u201d, afirmou o governador.<\/p>\n<p><strong>Foto: Gisele Ortolan<\/strong>&nbsp;<\/p>\n<p>&nbsp;<\/p>\n<p>&nbsp;<\/p>\n<div id=\"icpbravoaccess_loaded\">&nbsp;<\/div>\n","protected":false},"excerpt":{"rendered":"<p>Ao tomar posse, o novo secret\u00e1rio estadual de Desenvolvimento Econ\u00f4mico do RS, Ernani Polo, assegurou que vai investir na escuta dos setores para definir a implementa\u00e7\u00e3o de pol\u00edticas que visem ao crescimento das voca\u00e7\u00f5es produtivas do Estado. \u201cVamos conversar muito. A secretaria \u00e9 transversal e tem como miss\u00e3o encontrar solu\u00e7\u00f5es para a sociedade como um <a href=\"https:\/\/www.sindilat.com.br\/site\/2023\/02\/07\/ernani-polo-assume-secretaria-de-desenvolvimento-economico-e-garante-dialogo-com-setores-produtivos-para-alavancar-economia-do-rs\/\" class=\"more-link\">...continuar lendo<span class=\"screen-reader-text\"> \"Ernani Polo assume Secretaria de Desenvolvimento Econ\u00f4mico e garante di\u00e1logo com setores produtivos para alavancar economia do RS\"<\/span><\/a><\/p>\n","protected":false},"author":3,"featured_media":11285,"comment_status":"open","ping_status":"open","sticky":false,"template":"","format":"standard","meta":{"ngg_post_thumbnail":0,"footnotes":""},"categories":[18,1],"tags":[],"class_list":{"0":"post-11284","1":"post","2":"type-post","3":"status-publish","4":"format-standard","5":"has-post-thumbnail","7":"category-noticias","8":"category-uncategorized","9":"h-entry","10":"hentry","11":"h-as-article"},"_links":{"self":[{"href":"https:\/\/www.sindilat.com.br\/site\/wp-json\/wp\/v2\/posts\/11284","targetHints":{"allow":["GET"]}}],"collection":[{"href":"https:\/\/www.sindilat.com.br\/site\/wp-json\/wp\/v2\/posts"}],"about":[{"href":"https:\/\/www.sindilat.com.br\/site\/wp-json\/wp\/v2\/types\/post"}],"author":[{"embeddable":true,"href":"https:\/\/www.sindilat.com.br\/site\/wp-json\/wp\/v2\/users\/3"}],"replies":[{"embeddable":true,"href":"https:\/\/www.sindilat.com.br\/site\/wp-json\/wp\/v2\/comments?post=11284"}],"version-history":[{"count":3,"href":"https:\/\/www.sindilat.com.br\/site\/wp-json\/wp\/v2\/posts\/11284\/revisions"}],"predecessor-version":[{"id":11304,"href":"https:\/\/www.sindilat.com.br\/site\/wp-json\/wp\/v2\/posts\/11284\/revisions\/11304"}],"wp:featuredmedia":[{"embeddable":true,"href":"https:\/\/www.sindilat.com.br\/site\/wp-json\/wp\/v2\/media\/11285"}],"wp:attachment":[{"href":"https:\/\/www.sindilat.com.br\/site\/wp-json\/wp\/v2\/media?parent=11284"}],"wp:term":[{"taxonomy":"category","embeddable":true,"href":"https:\/\/www.sindilat.com.br\/site\/wp-json\/wp\/v2\/categories?post=11284"},{"taxonomy":"post_tag","embeddable":true,"href":"https:\/\/www.sindilat.com.br\/site\/wp-json\/wp\/v2\/tags?post=11284"}],"curies":[{"name":"wp","href":"https:\/\/api.w.org\/{rel}","templated":true}]}}