{"id":11280,"date":"2023-02-06T18:05:19","date_gmt":"2023-02-06T18:05:19","guid":{"rendered":"https:\/\/www.sindilat.com.br\/site\/?p=11280"},"modified":"2023-02-06T18:05:37","modified_gmt":"2023-02-06T18:05:37","slug":"06-02-2023","status":"publish","type":"post","link":"https:\/\/www.sindilat.com.br\/site\/2023\/02\/06\/06-02-2023\/","title":{"rendered":"06\/02\/2023"},"content":{"rendered":"<p><img loading=\"lazy\" decoding=\"async\" class=\"\" style=\"text-align: justify; font-size: 1rem;\" src=\"https:\/\/dl.dnzdns.com\/v\/uuURf8ABF0257\" alt=\"Newsletter Sindilat_RS\" width=\"1159\" height=\"207\"><\/p>\n<div id=\"icpbravoaccess_loaded\">\n<div id=\"icpbravoaccess_loaded\">\n<div id=\"icpbravoaccess_loaded\">\n<p style=\"text-align: justify;\">Porto Alegre, 06 de fevereiro de 2023&nbsp; &nbsp; &nbsp; &nbsp; &nbsp; &nbsp; &nbsp; &nbsp; &nbsp; &nbsp; &nbsp; &nbsp; &nbsp; &nbsp; &nbsp; &nbsp; &nbsp; &nbsp; &nbsp; &nbsp; &nbsp; &nbsp; &nbsp; &nbsp; &nbsp; &nbsp; Ano 17 - N\u00b0 3.835<\/p>\n<\/div>\n<\/div>\n<\/div>\n<hr>\n<p style=\"text-align: justify;\"><b>Seca pressiona pre\u00e7o do leite, mas 2023 pode ser diferente<br \/>\n<\/b><br \/>\nCom uma estiagem que ganha novos contornos a cada semana, mercado e consumidor ficam atentos \u00e0 possibilidade de novos sobressaltos no pre\u00e7o do leite, a exemplo do que ocorreu no ano passado. Em fun\u00e7\u00e3o da seca e de outros fatores, a bebida sofreu altas hist\u00f3ricas ao longo do ano, com o litro do leite batendo R$ 8 em alguns meses. Em 2023, apesar do quadro persistente, o setor acredita que as oscila\u00e7\u00f5es sejam menos intensas.<\/p>\n<p style=\"text-align: justify;\">Secret\u00e1rio-executivo do Sindicato da Ind\u00fastria de Latic\u00ednios do Rio Grande do Sul (Sindilat), Darlan Palharini diz que, embora mais de 200 munic\u00edpios j\u00e1 tenham decretado situa\u00e7\u00e3o de emerg\u00eancia por conta da falta de chuva, o volume de leite recebido pelas ind\u00fastrias do Estado se mant\u00e9m dentro da m\u00e9dia do ano passado. Os produtores que mais sofrem s\u00e3o os pequenos, que naturalmente produzem menor litragem.<\/p>\n<p style=\"text-align: justify;\">- O setor l\u00e1cteo tem uma particularidade de que um ano \u00e9 diferente do outro. Em 2022, a cada quatro meses mudava totalmente o mercado de consumo e os pre\u00e7os. Esperamos pelo menos uma menor volatilidade em 2023 - diz Palharini.<\/p>\n<p style=\"text-align: justify;\">Do lado do produtor, a press\u00e3o dos custos \u00e9 a preocupa\u00e7\u00e3o que se mant\u00e9m. Com a qualidade dos gr\u00e3os de silagem prejudicada, o produtor se v\u00ea obrigado a suplementar a ra\u00e7\u00e3o para que os animais n\u00e3o passem fome. E isso tudo tem um pre\u00e7o, lembra o presidente da Associa\u00e7\u00e3o dos Criadores de Gado Holand\u00eas do Rio Grande do Sul (Gadolando), Marcos Tang.<\/p>\n<p style=\"text-align: justify;\">Na \u00faltima semana, Tang percorreu propriedades de diversas regi\u00f5es do Estado, principalmente no Noroeste, onde se concentra a maior parte da produ\u00e7\u00e3o leiteira ga\u00facha, para ver de perto a situa\u00e7\u00e3o dos produtores. Dentre os que plantam milho, a condi\u00e7\u00e3o das lavouras \u00e9 de plantas bastante prejudicadas. Muitos est\u00e3o apostando no azev\u00e9m e no trigo para a alimenta\u00e7\u00e3o das vacas. O cereal de inverno, ali\u00e1s, tem substitu\u00eddo o milho como alternativa.<\/p>\n<p style=\"text-align: justify;\">- Os preju\u00edzos provocados por uma estiagem infelizmente n\u00e3o se resolvem assim que come\u00e7a a chover. Vi lavouras onde voc\u00ea precisa procurar a espiga e depois que achar uma espiga, tem que procurar se tem gr\u00e3o. Isso significa uma silagem de p\u00e9ssima qualidade que se precisa suplementar - relata o presidente da Gadolando, atentando para os custos.<\/p>\n<p style=\"text-align: justify;\">Embora o pre\u00e7o de refer\u00eancia do leite venha mostrando tend\u00eancia de queda (previsto para R$ 2,1592 o litro em janeiro, valor 1,9% menor que o consolidado em dezembro), Tang diz que os produtores t\u00eam sido informados sobre reajuste para cima no pre\u00e7o pago pela ind\u00fastria.<\/p>\n<p style=\"text-align: justify;\">- Isso vai nos ajudar. Hoje, o custo para produzir est\u00e1 perto de R$ 2,50 - diz o presidente, que n\u00e3o acredita em \"exorbit\u00e2ncias\" de pre\u00e7o ao consumidor este ano.<\/p>\n<p style=\"text-align: justify;\">Historicamente, o leite tende a estar mais barato nas g\u00f4ndolas dos supermercados durante o ver\u00e3o. A partir de maio, o pre\u00e7o come\u00e7a a subir com o aumento do consumo nos meses mais frios.<\/p>\n<p style=\"text-align: justify;\">Para o secret\u00e1rio-executivo do Sindilat, o n\u00edvel de consumo \u00e9 outro ponto de aten\u00e7\u00e3o. As classes que mais consomem leite s\u00e3o as que mais t\u00eam problema de renda. A expectativa \u00e9 de que o pagamento de aux\u00edlios sociais, como o Bolsa Fam\u00edlia, melhore a demanda pela bebida nos pr\u00f3ximos meses.<\/p>\n<p style=\"text-align: justify;\">- Acredito que n\u00e3o se repetem os aumentos do ano passado, que foram pontuais e pegaram at\u00e9 o mercado de surpresa. Claro que vai ser quase imposs\u00edvel n\u00e3o haver algum repasse de valores, mas n\u00e3o naqueles patamares - projeta Palharini. (Zero Hora)<\/p>\n<div id=\"icpbravoaccess_loaded\" style=\"text-align: justify;\">\n<div id=\"icpbravoaccess_loaded\" style=\"text-align: justify;\">\n<div id=\"icpbravoaccess_loaded\" style=\"text-align: justify;\">\n<hr>\n<div style=\"text-align: justify;\">\n<p style=\"text-align: justify;\"><b>Avan\u00e7o nos pre\u00e7os: falta de oferta ou excesso de demanda?<br \/>\n<\/b><br \/>\nVamos inicialmente \u00e0 lei da oferta e da procura: se h\u00e1 excesso de um bem e\/ou falta de demanda por este, o pre\u00e7o tende a diminuir. Caso exista falta de um bem e\/ou muita procura pelo mesmo, o pre\u00e7o tende a subir.<\/p>\n<p>Pois bem: o que estamos observando no setor l\u00e1cteo neste in\u00edcio de 2023? Uma nova onda de avan\u00e7o nos pre\u00e7os do leite e seus derivados... podemos concluir, ent\u00e3o, que estamos diante da escassez do produto e\/ou de muita procura por parte dos consumidores, certo?<\/p>\n<p>N\u00e3o exatamente! O avan\u00e7o na rentabilidade da produ\u00e7\u00e3o observado no segundo semestre de 2022, al\u00e9m da acelera\u00e7\u00e3o nos volumes importados \u2014 fator que deve permanecer presente nestes primeiros meses de 2023, visto a competitividade do produto estrangeiro neste momento \u2014, nos sugerem aumento da disponibilidade de leite.<\/p>\n<p>Seria o consumo, ent\u00e3o, o fator predominante para o aumento dos pre\u00e7os dos l\u00e1cteos nestas primeiras semanas de 2023? Mais do que isso, olhando para frente: com a manuten\u00e7\u00e3o da perspectiva de maior disponibilidade de leite, o consumo dar\u00e1 sustenta\u00e7\u00e3o ao patamar mais elevado de pre\u00e7os? O que o consumidor deseja das categorias de l\u00e1cteos hoje?<\/p>\n<p>Estas s\u00e3o algumas das perguntas que ser\u00e3o respondidas na edi\u00e7\u00e3o de mar\u00e7o do F\u00f3rum MilkPoint Mercado, por M\u00e1rio Ruggiero, diretor da Scanntech. M\u00e1rio ser\u00e1 o respons\u00e1vel pela palestra \u201cComo come\u00e7amos 2023 em rela\u00e7\u00e3o ao consumo de l\u00e1cteos?\u201d, em nosso bloco sobre Cen\u00e1rios de Mercado.<\/p>\n<p>A 14\u00aa edi\u00e7\u00e3o de nosso evento acontece no dia 22 de mar\u00e7o, em Campinas. Caso n\u00e3o possa estar presente neste dia, n\u00e3o se preocupe: o evento ser\u00e1 h\u00edbrido, podendo tamb\u00e9m ser acompanhado online.&nbsp;<\/p>\n<p>Em parceria com o portal de not\u00edcias Milkpoint, os associados do Sindicato da Ind\u00fastria de Latic\u00ednios do Rio Grande do Sul (Sindilat) ter\u00e3o direito a desconto na inscri\u00e7\u00e3o para participar do 14\u00ba F\u00f3rum MilkPoint Mercado. No primeiro lote, com vendas at\u00e9 17 de fevereiro, o b\u00f4nus \u00e9 de 5% sobre R$ 600. Para os demais, ser\u00e1 de 10%, sendo que o ingresso no segundo lote custa R$ 700 e no terceiro, R$ 800.&nbsp;<a href=\"https:\/\/registration.jalanlive.com\/forummilkpoint?ticket=6fb54a3e-3ee8-452c-8015-7b0c91a096b3\" data-cke-saved-href=\"https:\/\/registration.jalanlive.com\/forummilkpoint?ticket=6fb54a3e-3ee8-452c-8015-7b0c91a096b3\">INSCREVA-SE COM DESCONTO CLICANDO AQUI<\/a>. (As informa\u00e7\u00f5es s\u00e3o do Milkpoint e do Sindilat\/RS)&nbsp;<\/p>\n<p><b>\"Governo come\u00e7ou radicalizado, ideologizado (contra o agro)\"<br \/>\n<\/b><br \/>\nA Frente Parlamentar da Agropecu\u00e1ria (FPA), dona da maior bancada do Congresso, articula-se para anular s\u00e9rie de mudan\u00e7as promovidas pelo governo Luiz In\u00e1cio Lula da Silva em seu primeiro m\u00eas de mandato. O novo presidente da FPA, deputado Pedro Lupion (PP-PR), que assume o comando da frente hoje, para mandato de dois anos, diz que Lula deu in\u00edcio a um governo \"radicalizado e ideologizado\" contra o setor e que j\u00e1 tem emendas parlamentares prontas para derrubar atos do presidente que, segundo ele, \"esvaziaram\" o Minist\u00e9rio da Agricultura.<\/p>\n<p>Quais ser\u00e3o suas primeiras medidas na FPA?<br \/>\nVamos agir imediatamente para reverter atos do governo Lula, que promoveram o completo esvaziamento do Minist\u00e9rio da Agricultura. Tiraram o Sistema Nacional de Cadastro Ambiental Rural da pasta e transferiram para o Minist\u00e9rio do Meio Ambiente. O minist\u00e9rio tamb\u00e9m perdeu a Companhia Nacional de Abastecimento e o Instituto Nacional de Coloniza\u00e7\u00e3o e Reforma Agr\u00e1ria para o Minist\u00e9rio do Desenvolvimento Agr\u00e1rio e da Agricultura Familiar. Isso acabou com a possibilidade de planejamento de longo prazo. \u00c9 um absurdo gigantesco.<\/p>\n<p>Por qu\u00ea?<br \/>\nPorque esses minist\u00e9rios est\u00e3o enviesados, ideologicamente, em vez de terem posi\u00e7\u00e3o t\u00e9cnica. Para al\u00e9m da quest\u00e3o ideol\u00f3gica, essa nova composi\u00e7\u00e3o da Esplanada \u00e9 o que tem nos preocupado bastante, porque traz enfraquecimento claro e real ao Minist\u00e9rio da Agricultura. Por isso, j\u00e1 estamos tomando medidas.<\/p>\n<p>Quais medidas?<br \/>\nTemos emendas parlamentares prontas para derrubar (decis\u00f5es) que foram feitas por meio de medida provis\u00f3ria. E se algo foi feito por meio de decreto, vamos apresentar projeto de lei para derrubar.<\/p>\n<p>Qual a avalia\u00e7\u00e3o sobre a atua\u00e7\u00e3o do ministro Carlos Favaro?<br \/>\nVejo boa vontade do ministro, a quem tenho apre\u00e7o e reconhe\u00e7o a capacidade, mas h\u00e1 uma quest\u00e3o ideol\u00f3gica no governo. Hoje, n\u00e3o consegue nem fazer o Plano Safra. A gente precisa garantir que o agro tenha o espa\u00e7o de direito que representa, um minist\u00e9rio para tratar do setor que responde por um ter\u00e7o dos empregos e da renda. \u00c9 um absurdo ter de lidar com um esvaziamento desses, perdendo fun\u00e7\u00f5es para esse Minist\u00e9rio do Desenvolvimento Agr\u00e1rio.<\/p>\n<p>Por que isso \u00e9 ruim?<br \/>\nEssa \u00e9 uma das situa\u00e7\u00f5es que geram mais preocupa\u00e7\u00e3o, porque \u00e9 uma pasta estritamente ideol\u00f3gica, criada com esse objetivo, e ningu\u00e9m esconde isso. Basta ver quem \u00e9 o ministro (Paulo Teixeira), um dos mais radicalizados do PT, que j\u00e1 deixou clara qual \u00e9 sua inten\u00e7\u00e3o. Ele disse numa entrevista que a titula\u00e7\u00e3o dos assentamentos que fizemos nos \u00faltimos anos tem a validade de um papel de p\u00e3o, que n\u00e3o tem valor jur\u00eddico. O que a gente v\u00ea, infelizmente, \u00e9 a tentativa de desmontar o trabalho que foi feito no setor, mas alivia um pouco a situa\u00e7\u00e3o o fato de Carlos Favaro conhecer o setor, legitimar as nossas demandas.<\/p>\n<p>A bancada do agro ser\u00e1 a principal oposi\u00e7\u00e3o ao governo Lula no Congresso?<br \/>\nVamos fazer oposi\u00e7\u00e3o sempre que tiver algum preju\u00edzo para o setor. \u00c9 \u00f3bvio que n\u00e3o posso ser irrespons\u00e1vel e dizer que n\u00e3o iremos apoiar medidas positivas para o setor. Ideologicamente, 90% da bancada \u00e9 contr\u00e1ria o governo.<\/p>\n<p>H\u00e1 sinais para isso?<br \/>\nO governo come\u00e7ou muito radicalizado, ideologizado. Tenho dito para as pessoas se acalmarem: o pessoal dos sindicatos rurais, as cooperativas, porque o jogo ainda n\u00e3o come\u00e7ou. Hoje, o governo est\u00e1 surfando sozinho, mas vejo, pelo perfil das bancadas que foram eleitas, tanto na C\u00e2mara quanto no Senado, que o governo n\u00e3o vai ter vida f\u00e1cil.<\/p>\n<p>O agro financiou os atos golpistas de 8 de janeiro?<br \/>\nIsso \u00e9 guerra de narrativas, do mesmo jeito que, na campanha, fomos chamados de fascistas, de patinho feio, culpados de destruirmos tudo, de sermos o \"lobo mau\" da sociedade brasileira. O que aconteceu em Bras\u00edlia n\u00e3o \u00e9 a representa\u00e7\u00e3o da direita brasileira. (Zero Hora)&nbsp;<\/p>\n<\/div>\n<\/div>\n<div id=\"icpbravoaccess_loaded\">\n<div style=\"text-align: justify;\">\n<hr>\n<p style=\"text-align: center;\"><i style=\"font-size: 1rem;\"><b>Jogo R\u00e1pido&nbsp;<\/b><\/i><\/p>\n<\/div>\n<\/div>\n<\/div>\n<\/div>\n<div style=\"text-align: center;\">\n<p><i><b>PREVIS\u00c3O METEOROL\u00d3GICA (02 A 08 DE FEVEREIRO DE 2023)<\/b><\/i><i><b><br \/>\n<\/b>De 6 a 8 de fevereiro, o tempo deve ser seco e firme em praticamente todo o Estado. Nesta segunda semana do m\u00eas, h\u00e1 pequena chance de chuvas r\u00e1pidas apenas na costa por causa da circula\u00e7\u00e3o da brisa mar\u00edtima. O boletim tamb\u00e9m aborda a situa\u00e7\u00e3o das culturas de soja, milho, arroz, feij\u00e3o e pastagens, al\u00e9m das cria\u00e7\u00f5es de bovinos e ovinos. Acompanhe todas as publica\u00e7\u00f5es agrometeorol\u00f3gicas da Secretaria em&nbsp;<a href=\"https:\/\/www.agricultura.rs.gov.br\/agrometeorologia\" data-cke-saved-href=\"https:\/\/www.agricultura.rs.gov.br\/agrometeorologia\">www.agricultura.rs.gov.br\/agrometeorologia<\/a>. (SEAPI)<\/i><\/p>\n<\/div>\n<div id=\"icpbravoaccess_loaded\" style=\"text-align: justify;\">\n<div id=\"icpbravoaccess_loaded\">\n<hr>\n<\/div>\n<\/div>\n<div id=\"icpbravoaccess_loaded\">&nbsp;<\/div>\n<div id=\"icpbravoaccess_loaded\">&nbsp;<\/div>\n<div id=\"icpbravoaccess_loaded\">&nbsp;<\/div>\n","protected":false},"excerpt":{"rendered":"<p>Porto Alegre, 06 de fevereiro de 2023&nbsp; &nbsp; &nbsp; &nbsp; &nbsp; &nbsp; &nbsp; &nbsp; &nbsp; &nbsp; &nbsp; &nbsp; &nbsp; &nbsp; &nbsp; &nbsp; &nbsp; &nbsp; &nbsp; &nbsp; &nbsp; &nbsp; &nbsp; &nbsp; &nbsp; &nbsp; Ano 17 - N\u00b0 3.835 Seca pressiona pre\u00e7o do leite, mas 2023 pode ser diferente Com uma estiagem que ganha novos contornos a <a href=\"https:\/\/www.sindilat.com.br\/site\/2023\/02\/06\/06-02-2023\/\" class=\"more-link\">...continuar lendo<span class=\"screen-reader-text\"> \"06\/02\/2023\"<\/span><\/a><\/p>\n","protected":false},"author":2,"featured_media":0,"comment_status":"open","ping_status":"open","sticky":false,"template":"","format":"standard","meta":{"ngg_post_thumbnail":0,"footnotes":""},"categories":[28],"tags":[],"class_list":{"0":"post-11280","1":"post","2":"type-post","3":"status-publish","4":"format-standard","6":"category-newsletter","7":"h-entry","8":"hentry","9":"h-as-article"},"_links":{"self":[{"href":"https:\/\/www.sindilat.com.br\/site\/wp-json\/wp\/v2\/posts\/11280","targetHints":{"allow":["GET"]}}],"collection":[{"href":"https:\/\/www.sindilat.com.br\/site\/wp-json\/wp\/v2\/posts"}],"about":[{"href":"https:\/\/www.sindilat.com.br\/site\/wp-json\/wp\/v2\/types\/post"}],"author":[{"embeddable":true,"href":"https:\/\/www.sindilat.com.br\/site\/wp-json\/wp\/v2\/users\/2"}],"replies":[{"embeddable":true,"href":"https:\/\/www.sindilat.com.br\/site\/wp-json\/wp\/v2\/comments?post=11280"}],"version-history":[{"count":2,"href":"https:\/\/www.sindilat.com.br\/site\/wp-json\/wp\/v2\/posts\/11280\/revisions"}],"predecessor-version":[{"id":11282,"href":"https:\/\/www.sindilat.com.br\/site\/wp-json\/wp\/v2\/posts\/11280\/revisions\/11282"}],"wp:attachment":[{"href":"https:\/\/www.sindilat.com.br\/site\/wp-json\/wp\/v2\/media?parent=11280"}],"wp:term":[{"taxonomy":"category","embeddable":true,"href":"https:\/\/www.sindilat.com.br\/site\/wp-json\/wp\/v2\/categories?post=11280"},{"taxonomy":"post_tag","embeddable":true,"href":"https:\/\/www.sindilat.com.br\/site\/wp-json\/wp\/v2\/tags?post=11280"}],"curies":[{"name":"wp","href":"https:\/\/api.w.org\/{rel}","templated":true}]}}