{"id":11275,"date":"2023-02-01T19:28:35","date_gmt":"2023-02-01T19:28:35","guid":{"rendered":"https:\/\/www.sindilat.com.br\/site\/?p=11275"},"modified":"2023-02-01T19:28:58","modified_gmt":"2023-02-01T19:28:58","slug":"01-02-2023","status":"publish","type":"post","link":"https:\/\/www.sindilat.com.br\/site\/2023\/02\/01\/01-02-2023\/","title":{"rendered":"01\/02\/2023"},"content":{"rendered":"<p><img loading=\"lazy\" decoding=\"async\" class=\"\" style=\"text-align: justify; font-size: 1rem;\" src=\"https:\/\/dl.dnzdns.com\/v\/uuURf8ABF0257\" alt=\"Newsletter Sindilat_RS\" width=\"1159\" height=\"207\"><\/p>\n<div id=\"icpbravoaccess_loaded\">\n<div id=\"icpbravoaccess_loaded\">\n<div id=\"icpbravoaccess_loaded\">\n<p style=\"text-align: justify;\">Porto Alegre, 01 de fevereiro de 2023&nbsp; &nbsp; &nbsp; &nbsp; &nbsp; &nbsp; &nbsp; &nbsp; &nbsp; &nbsp; &nbsp; &nbsp; &nbsp; &nbsp; &nbsp; &nbsp; &nbsp; &nbsp; &nbsp; &nbsp; &nbsp; &nbsp; &nbsp; &nbsp; &nbsp; &nbsp; Ano 17 - N\u00b0 3.834<\/p>\n<\/div>\n<\/div>\n<\/div>\n<hr>\n<p style=\"text-align: justify;\"><b>Sindilat acompanha a posse na Assembleia e novo presidente garante que ouvir\u00e1 os setores produtivos<\/b><\/p>\n<p style=\"text-align: justify;\">Representando o Sindicato da Ind\u00fastria de Latic\u00ednios do Rio Grande do Sul (Sindilat), o secret\u00e1rio-executivo da entidade, Darlan Palharini, acompanhou nesta ter\u00e7a-feira (31\/01) a sess\u00e3o solene de posse dos 55 deputados estaduais da 56\u00aa Legislatura, que vai at\u00e9 janeiro de 2027. \u201cNosso setor est\u00e1 confiante de que o Parlamento ga\u00facho continuar\u00e1 atuando para fortalecer as pol\u00edticas p\u00fablicas que gerem o desenvolvimento do RS\u201d, assinalou. O ato tamb\u00e9m contou com a participa\u00e7\u00e3o do governador Eduardo Leite (PSDB) e seu vice, Gabriel Souza (MDB), que j\u00e1 conhecem as pautas do setor l\u00e1cteo ga\u00facho.&nbsp;<\/p>\n<p style=\"text-align: justify;\">Em seu discurso de posse, o novo presidente da Assembleia Legislativa, Vilmar Zanchin (MDB), assegurou que ir\u00e1 percorrer o Estado para ouvir os setores. \u201cOu\u00e7amos os setores produtivos. Ou\u00e7amos a sociedade! De nossa parte, faremos um esfor\u00e7o para viabilizar uma grande escuta setorial e regionalizada. Frequentaremos o palco social onde a realidade se exibe com inteireza\u201d, pontuou em sua fala, fortemente marcada pela defesa da educa\u00e7\u00e3o como motor no processo de desenvolvimento humano, econ\u00f4mico e social.<\/p>\n<p style=\"text-align: justify;\">Na sess\u00e3o, que se iniciou \u00e0s 14h, no Plen\u00e1rio 20 de Setembro em Porto Alegre (RS), tamb\u00e9m foi realizada a elei\u00e7\u00e3o e a transmiss\u00e3o de cargos da nova Mesa Diretora que ter\u00e1 Delegada Nadine (PSDB), como primeira vice-presidente; Valdeci Oliveira (PT), como segundo vice-presidente; Adolfo Brito (PP), como primeiro secret\u00e1rio; Eliana Bayer (Republicanos), como segunda secret\u00e1ria; Paparico Bacchi (PL), como terceiro secret\u00e1rio; e Luiz Marenco (PDT), como quarto secret\u00e1rio.&nbsp;<\/p>\n<p style=\"text-align: justify;\">Os 55 deputados empossados representam 15 bancadas:<\/p>\n<p style=\"text-align: justify;\">PT - Ad\u00e3o Pretto, Jeferson Fernandes, Laura Sito, Leonel Radde, Luiz Fernando Mainardi, Miguel Rossetto, Pepe Vargas, Sofia Cavedon, Stela Farias, Valdeci Oliveira e Z\u00e9 Nunes.<br \/>\nPP - Adolfo Brito, Ernani Polo, Frederico Antunes, Guilherme Pasin, Joel de Igrejinha, Marcus Vin\u00edcius e Silvana Covatti.<br \/>\nMDB - Beto Fantinel, Edivilson Brum, Juvir Costella, Luciano Silveira, Patr\u00edcia Alba e Vilmar Zanchin.<br \/>\nRepublicanos - Capit\u00e3o Martim, Delegado Zucco, Eliana Bayer, Gustavo Victorino e S\u00e9rgio Peres.<br \/>\nPSDB - Delegada Nadine; Kak\u00e1 D \u00c1vila; Neri, o Carteiro; Pedro Pereira e Professor Bonatto<br \/>\nPL - Adriana Lara, Claudio Tatsch, Kelly Moraes, Paparico Bacchi e Rodrigo Lorenzoni<br \/>\nPDT - Eduardo Loureiro, Gerson Burmann, Gilmar Sossella e Luiz Marenco<br \/>\nUni\u00e3o Brasil - Alo\u00edsio Classmann, Dirceu Franciscon e Dr. Thiago Duarte.<br \/>\nPSol - Luciana Genro e Matheus Gomes<br \/>\nPodemos - Professor Cl\u00e1udio e Ronaldo Santini<br \/>\nPCdoB - Bruna Rodrigues<br \/>\nNovo - Felipe Camozzato<br \/>\nPSB - Elton Weber&nbsp;<br \/>\nPSD - Ga\u00facho da Geral<br \/>\nPTB - Elizandro Sabino<br \/>\n(Assessoria de Imprensa Sindilat, com informa\u00e7\u00f5es da ALRS\/Cr\u00e9dito: Gisele Ortolan)<\/p>\n<p style=\"text-align: justify;\"><img decoding=\"async\" src=\"https:\/\/dl.dnzdns.com\/v\/kvYGbdABF0250\" alt=\"\" data-cke-saved-src=\"https:\/\/dl.dnzdns.com\/v\/kvYGbdABF0250\"><\/p>\n<div id=\"icpbravoaccess_loaded\" style=\"text-align: justify;\">\n<div id=\"icpbravoaccess_loaded\" style=\"text-align: justify;\">\n<div id=\"icpbravoaccess_loaded\">\n<hr>\n<div style=\"text-align: justify;\">\n<div style=\"text-align: justify;\">\n<p style=\"text-align: justify;\"><b>Reforma prev\u00ea redu\u00e7\u00e3o da carga tribut\u00e1ria, diz Haddad<br \/>\n<\/b><br \/>\nO ministro da Fazenda, Fernando Haddad, disse nesta ter\u00e7a-feira que a reforma tribut\u00e1ria proposta pelo governo dever\u00e1 englobar uma redu\u00e7\u00e3o da carga de impostos para alguns setores da economia. Ele se reuniu com o Conselho da Federa\u00e7\u00e3o Brasileira de Bancos (Febraban). Segundo Haddad, a reforma e o novo arcabou\u00e7o fiscal estiveram entre os principais temas discutidos no encontro. Haddad afirmou que a reforma j\u00e1 poderia ter sido votada e que o Congresso \u201cest\u00e1 maduro\u201d. \u201cH\u00e1 nas duas Casas ambiente favor\u00e1vel\u201d, disse Haddad, que pontuou que a reforma deve resultar, entre outros pontos, em melhora no crescimento econ\u00f4mico e na vida das empresas e ind\u00fastrias.&nbsp;<\/p>\n<p style=\"text-align: justify;\">A discuss\u00e3o com a Febraban, segundo o ministro, ainda abordou o tema do arcabou\u00e7o fiscal. Haddad afirmou que a nova regra j\u00e1 est\u00e1 contratada e que a equipe econ\u00f4mica est\u00e1 formulando a proposta. O ministro relembrou que a PEC de Transi\u00e7\u00e3o previa a apresenta\u00e7\u00e3o do novo arcabou\u00e7o at\u00e9 agosto, mas que a perspectiva atual \u00e9 que o presidente Lula valide a proposta at\u00e9 abril. Tamb\u00e9m nesta ter\u00e7a-feira, o presidente da C\u00e2mara, Arthur Lira (PP-AL), afirmou que a inten\u00e7\u00e3o do governo Luiz In\u00e1cio Lula da Silva (PT) \u00e9 dar prioridade \u00e0 abertura da discuss\u00e3o sobre a reforma tribut\u00e1ria e votar o tema em at\u00e9 tr\u00eas meses.&nbsp;<\/p>\n<p style=\"text-align: justify;\">J\u00e1 o debate sobre a \u00e2ncora fiscal substituta do teto de gastos deve ser aberto em um segundo momento e ainda n\u00e3o tem prazo para passar por delibera\u00e7\u00e3o. Segundo Lira, o prazo para a reforma tribut\u00e1ria foi definido para dar tempo aos parlamentares reabrirem as discuss\u00f5es sobre o tema, em conversas com gestores p\u00fablicos e empres\u00e1rios. \u201cA inten\u00e7\u00e3o do ministro da Economia \u00e9 que a gente consiga revisitar os assuntos para que n\u00f3s tenhamos, com uma base consolidada de apoio, essa vota\u00e7\u00e3o em dois e meio ou tr\u00eas meses\u201d, disse Lira. (Jornal do Com\u00e9rcio)<\/p>\n<p style=\"text-align: justify;\"><b>Argentina tem recorde nas exporta\u00e7\u00f5es de l\u00e1cteos, mas enfrenta dificuldades no setor<br \/>\n<\/b><br \/>\nO setor leiteiro da Argentina encerrou 2022 com um \u00f3timo desempenho nas exporta\u00e7\u00f5es, registrando aumento de 4,1% em volume e de 24,4% em d\u00f3lar, representando em litros equivalentes de leite 26% do total produzido no ano, de acordo com dados do Instituto Nacional de Estat\u00edstica e Censos (INDEC) publicados pelo Observat\u00f3rio Argentino da Cadeia L\u00e1ctea (OCLA).<\/p>\n<p style=\"text-align: justify;\">Os dados das exporta\u00e7\u00f5es de l\u00e1cteos do m\u00eas de dezembro, segundo informa\u00e7\u00f5es provis\u00f3rias do INDEC, e apesar das quedas nos \u00faltimos meses, indicam que fecharam 2022 com not\u00e1vel crescimento, com mais de 411 mil toneladas (volume de produtos +4,1% ) por 1.670 milh\u00f5es de d\u00f3lares (moeda +24,4%). Isso representou aproximadamente 3 bilh\u00f5es de litros equivalentes de leite (+6,4%), o que chegaria a 26% da produ\u00e7\u00e3o total do pa\u00eds.<\/p>\n<p style=\"text-align: justify;\">Como pode ser visto no gr\u00e1fico abaixo, as exporta\u00e7\u00f5es no in\u00edcio de 2022 foram consideravelmente menores do que em 2021, mas cabe esclarecer que as exporta\u00e7\u00f5es de janeiro de 2021 foram muito altas, pois acumularam exporta\u00e7\u00f5es n\u00e3o realizadas para o Brasil de dezembro de 2020, que tiveram dificuldades de entrada por quest\u00f5es burocr\u00e1ticas do pa\u00eds de destino.<br \/>\n&nbsp;<img decoding=\"async\" src=\"https:\/\/dl.dnzdns.com\/v\/CdOE4aABF0211\" alt=\"\" data-cke-saved-src=\"https:\/\/dl.dnzdns.com\/v\/CdOE4aABF0211\"><br \/>\n&nbsp;<br \/>\nSegundo a OCLA, \u201cem fevereiro de 2022 ocorreu uma situa\u00e7\u00e3o inversa, exporta\u00e7\u00f5es normais em 2022 em compara\u00e7\u00e3o com baixas exporta\u00e7\u00f5es em fevereiro de 2021 devido aos altos volumes do m\u00eas anterior. Nos meses de mar\u00e7o a julho (exceto maio) deste ano tamb\u00e9m houve um aumento hom\u00f3logo significativo das exporta\u00e7\u00f5es em volume (menos dificuldades log\u00edsticas) e obviamente em valor devido ao aumento dos pre\u00e7os internacionais. Para os meses de agosto e setembro, observou-se queda em rela\u00e7\u00e3o ao ano anterior devido aos pre\u00e7os internacionais mais baixos, recuperando-se em outubro e voltando a cair em novembro e dezembro devido \u00e0 queda de pre\u00e7os, que acompanhada do atraso cambial e dos impostos de exporta\u00e7\u00e3o vigentes, colocaram o poder de compra abaixo dos pre\u00e7os efetivamente pagos pela mat\u00e9ria-prima\u201d.<br \/>\n&nbsp;<br \/>\n<u>Produtos e destinos<br \/>\n<\/u>O destino das exporta\u00e7\u00f5es (em valor em d\u00f3lares) foi composto por: 30,7% para o Brasil; 21,9% para a Arg\u00e9lia; 7,9% para o Chile; 5,2% para a R\u00fassia; 3,6% para os Estados Unidos; 3,5% para os chineses; e 3,0% para o Peru. Os 24,2% restantes foram distribu\u00eddos para mais de 10 outros destinos.<\/p>\n<p style=\"text-align: justify;\">Quanto \u00e0 distribui\u00e7\u00e3o das exporta\u00e7\u00f5es em grandes itens com base no valor total em d\u00f3lares para o per\u00edodo janeiro-dezembro de 2022: 48,0% foi para leite em p\u00f3; 23,1% para queijos em suas diferentes pastas; 17,7% nos demais produtos (doce de leite, manteiga, \u00f3leo de manteiga, soro de leite, etc.); e 11,2% de produtos confidenciais (lactose, case\u00edna, iogurte, etc.).<\/p>\n<p style=\"text-align: justify;\">No entanto, \u201ca varia\u00e7\u00e3o mensal das exporta\u00e7\u00f5es foi de -6,3% em volume e -10,3% em valor (dez\/22 x nov\/22). A varia\u00e7\u00e3o anual foi de -17,3% em volume e -10,4% em valor (dez\/22 x dez\/21). Em ambas as compara\u00e7\u00f5es, percebe-se a queda de volumes e pre\u00e7os\u201d, alerta a OCLA.<\/p>\n<p style=\"text-align: justify;\">Em rela\u00e7\u00e3o \u00e0 varia\u00e7\u00e3o acumulada (jan-dez) com base no volume de produtos, as exporta\u00e7\u00f5es de leites em p\u00f3 cresceram em 10% nos embarques; as de queijos tamb\u00e9m aumentaram, mas em 5,9%; e outros produtos e produtos confidenciais ca\u00edram -4,1% e -9,2%, respectivamente.<br \/>\n&nbsp;<br \/>\nPre\u00e7os internacionais favor\u00e1veis<br \/>\nO pre\u00e7o m\u00e9dio de exporta\u00e7\u00e3o por tonelada durante o ano de 2022 foi excelente e nunca visto na hist\u00f3ria das exporta\u00e7\u00f5es argentina, de US$ 4.059 em m\u00e9dia no ano, o que implicou um aumento de 19,5% em rela\u00e7\u00e3o a 2021. No caso particular do item \u201ceite em p\u00f3, o pre\u00e7o m\u00e9dio foi de US$ 3.938\/t, 16,1% acima do mesmo per\u00edodo do ano anterior.<\/p>\n<p style=\"text-align: justify;\">Enquanto isso, \u201ca tend\u00eancia crescente no volume e quantidade de exporta\u00e7\u00f5es da Argentina, se os dados se confirmarem, marca o ano de 2022 como um recorde neste conceito. Em volume de produto \u00e9 o maior valor desde 2011 e em valor total em d\u00f3lares seria o maior valor alcan\u00e7ado, depois dos alcan\u00e7ados em 2011-2013\u201d.<br \/>\n&nbsp;<br \/>\nApesar disso, setor est\u00e1 em emerg\u00eancia<br \/>\nCom certeza este ano ser\u00e1 diferente, n\u00e3o s\u00f3 nas exporta\u00e7\u00f5es, mas principalmente no volume produzido. A estiagem est\u00e1 prejudicando a matriz do processo, que \u00e9 o preparo das reservas para que as vacas comam bem e produzam bem. Al\u00e9m disso, o aumento dos custos do concentrado, devido \u00e0 fracassada medida oficial do d\u00f3lar da soja, n\u00e3o permite uma reposi\u00e7\u00e3o f\u00e1cil, de forma que as fazendas n\u00e3o poder\u00e3o oferecer em tempo h\u00e1bil. Falta capital de giro nas empresas e a condi\u00e7\u00e3o dos rebanhos n\u00e3o \u00e9 adequada uma boa recria na primavera.<\/p>\n<p style=\"text-align: justify;\">\u201cA atual situa\u00e7\u00e3o de pre\u00e7os no mercado internacional, em torno de US$ 3.400 a US$ 3.500\/ton para o leite em p\u00f3 integral, devido \u00e0 presen\u00e7a de tarifas de exporta\u00e7\u00e3o e c\u00e2mbio fortemente atrasado (d\u00f3lar atacadista $ 175), gera um poder de compra bem abaixo dos pre\u00e7os atuais do produtor: $ 56,00 (US$ 0,30)\/litro de poder de compra vs. um pre\u00e7o ao produtor de $ 70,00 (US$ 0,38)\/litro estimado para este m\u00eas de janeiro de 2023\u201d.&nbsp; (As informa\u00e7\u00f5es s\u00e3o do La Opini\u00f3n, traduzidas e adaptadas pela equipe MilkPoint)<\/p>\n<\/div>\n<\/div>\n<\/div>\n<div id=\"icpbravoaccess_loaded\">\n<div style=\"text-align: justify;\">\n<hr>\n<p style=\"text-align: center;\"><i style=\"font-size: 1rem;\"><b>Jogo R\u00e1pido&nbsp;<\/b><\/i><\/p>\n<\/div>\n<\/div>\n<\/div>\n<\/div>\n<div style=\"text-align: center;\">\n<p><i><b>\u2018Porque juro no Brasil \u00e9 t\u00e3o alto?<br \/>\n<\/b>O vice-presidente da Rep\u00fablica e ministro do Desenvolvimento, Ind\u00fastria, Com\u00e9rcio e Servi\u00e7os, Geraldo Alckmin, disse ontem que o governo quer descobrir \u201cpor que o Brasil tem juros t\u00e3o altos\u201d, referindo-se \u00e0 Selic em 13,75% ao ano. Segundo ele, um dos objetivos da equipe econ\u00f4mica \u00e9 reduzir o custo de capital no pa\u00eds. \u201cO que justificaria? \u00c9 imposto? Falta de concorr\u00eancia? Nos Estados Unidos tem 2 mil bancos. \u00c9 inseguran\u00e7a econ\u00f4mica? Inseguran\u00e7a pol\u00edtica? Dificuldade de reaver o cr\u00e9dito? Spread alto? O bom pagador paga pelo mau pagador?\u201d, questionou durante a posse da diretoria da Associa\u00e7\u00e3o Brasileira de Supermercados (Abras). O presidente da Abras, Jo\u00e3o Galassi, disse na cerim\u00f4nia que \u201co varejo est\u00e1 sangrando\u201d com a maior taxa de juros real do mundo. Alckmin avaliou ser necess\u00e1rio agir para reduzir o custo de capital com desburocratiza\u00e7\u00e3o, digitaliza\u00e7\u00e3o e acordos. (Correio do Povo)<\/i><\/p>\n<\/div>\n<div id=\"icpbravoaccess_loaded\" style=\"text-align: justify;\">\n<div id=\"icpbravoaccess_loaded\">\n<hr>\n<\/div>\n<\/div>\n<div id=\"icpbravoaccess_loaded\">&nbsp;<\/div>\n<div id=\"icpbravoaccess_loaded\">&nbsp;<\/div>\n<div id=\"icpbravoaccess_loaded\">&nbsp;<\/div>\n","protected":false},"excerpt":{"rendered":"<p>Porto Alegre, 01 de fevereiro de 2023&nbsp; &nbsp; &nbsp; &nbsp; &nbsp; &nbsp; &nbsp; &nbsp; &nbsp; &nbsp; &nbsp; &nbsp; &nbsp; &nbsp; &nbsp; &nbsp; &nbsp; &nbsp; &nbsp; &nbsp; &nbsp; &nbsp; &nbsp; &nbsp; &nbsp; &nbsp; Ano 17 - N\u00b0 3.834 Sindilat acompanha a posse na Assembleia e novo presidente garante que ouvir\u00e1 os setores produtivos Representando o Sindicato <a href=\"https:\/\/www.sindilat.com.br\/site\/2023\/02\/01\/01-02-2023\/\" class=\"more-link\">...continuar lendo<span class=\"screen-reader-text\"> \"01\/02\/2023\"<\/span><\/a><\/p>\n","protected":false},"author":2,"featured_media":0,"comment_status":"open","ping_status":"open","sticky":false,"template":"","format":"standard","meta":{"ngg_post_thumbnail":0,"footnotes":""},"categories":[28],"tags":[],"class_list":{"0":"post-11275","1":"post","2":"type-post","3":"status-publish","4":"format-standard","6":"category-newsletter","7":"h-entry","8":"hentry","9":"h-as-article"},"_links":{"self":[{"href":"https:\/\/www.sindilat.com.br\/site\/wp-json\/wp\/v2\/posts\/11275","targetHints":{"allow":["GET"]}}],"collection":[{"href":"https:\/\/www.sindilat.com.br\/site\/wp-json\/wp\/v2\/posts"}],"about":[{"href":"https:\/\/www.sindilat.com.br\/site\/wp-json\/wp\/v2\/types\/post"}],"author":[{"embeddable":true,"href":"https:\/\/www.sindilat.com.br\/site\/wp-json\/wp\/v2\/users\/2"}],"replies":[{"embeddable":true,"href":"https:\/\/www.sindilat.com.br\/site\/wp-json\/wp\/v2\/comments?post=11275"}],"version-history":[{"count":2,"href":"https:\/\/www.sindilat.com.br\/site\/wp-json\/wp\/v2\/posts\/11275\/revisions"}],"predecessor-version":[{"id":11278,"href":"https:\/\/www.sindilat.com.br\/site\/wp-json\/wp\/v2\/posts\/11275\/revisions\/11278"}],"wp:attachment":[{"href":"https:\/\/www.sindilat.com.br\/site\/wp-json\/wp\/v2\/media?parent=11275"}],"wp:term":[{"taxonomy":"category","embeddable":true,"href":"https:\/\/www.sindilat.com.br\/site\/wp-json\/wp\/v2\/categories?post=11275"},{"taxonomy":"post_tag","embeddable":true,"href":"https:\/\/www.sindilat.com.br\/site\/wp-json\/wp\/v2\/tags?post=11275"}],"curies":[{"name":"wp","href":"https:\/\/api.w.org\/{rel}","templated":true}]}}