{"id":11268,"date":"2023-01-31T20:43:35","date_gmt":"2023-01-31T20:43:35","guid":{"rendered":"https:\/\/www.sindilat.com.br\/site\/?p=11268"},"modified":"2023-01-31T20:43:35","modified_gmt":"2023-01-31T20:43:35","slug":"sindilat-acompanha-a-posse-na-assembleia-e-novo-presidente-garante-que-ouvira-os-setores-produtivos","status":"publish","type":"post","link":"https:\/\/www.sindilat.com.br\/site\/2023\/01\/31\/sindilat-acompanha-a-posse-na-assembleia-e-novo-presidente-garante-que-ouvira-os-setores-produtivos\/","title":{"rendered":"Sindilat acompanha a posse na Assembleia e novo presidente garante que ouvir\u00e1 os setores produtivos"},"content":{"rendered":"<p>Representando o Sindicato da Ind\u00fastria de Latic\u00ednios do Rio Grande do Sul (Sindilat), o secret\u00e1rio-executivo da entidade, Darlan Palharini, acompanhou nesta ter\u00e7a-feira (31\/01) a sess\u00e3o solene de posse dos 55 deputados estaduais da 56\u00aa Legislatura, que vai at\u00e9 janeiro de 2027. \u201cNosso setor est\u00e1 confiante de que o Parlamento ga\u00facho continuar\u00e1 atuando para fortalecer as pol\u00edticas p\u00fablicas que gerem o desenvolvimento do RS\u201d, assinalou. O ato tamb\u00e9m contou com a participa\u00e7\u00e3o do governador Eduardo Leite (PSDB) e seu vice, Gabriel Souza (MDB), que j\u00e1 conhecem as pautas do setor l\u00e1cteo ga\u00facho.<\/p>\n<p>Em seu discurso de posse, o novo presidente da Assembleia Legislativa, Vilmar Zanchin (MDB), assegurou que ir\u00e1 percorrer o Estado para ouvir os setores. \u201cOu\u00e7amos os setores produtivos. Ou\u00e7amos a sociedade! De nossa parte, faremos um esfor\u00e7o para viabilizar uma grande escuta setorial e regionalizada. Frequentaremos o palco social onde a realidade se exibe com inteireza\u201d, pontuou em sua fala, fortemente marcada pela defesa da educa\u00e7\u00e3o como motor no processo de desenvolvimento humano, econ\u00f4mico e social.<\/p>\n<p>Na sess\u00e3o, que se iniciou \u00e0s 14h, no Plen\u00e1rio 20 de Setembro em Porto Alegre (RS), tamb\u00e9m foi realizada a elei\u00e7\u00e3o e a transmiss\u00e3o de cargos da nova Mesa Diretora que ter\u00e1 Delegada Nadine (PSDB), como primeira vice-presidente; Valdeci Oliveira (PT), como segundo vice-presidente; Adolfo Brito (PP), como primeiro secret\u00e1rio; Eliana Bayer (Republicanos), como segunda secret\u00e1ria; Paparico Bacchi (PL), como terceiro secret\u00e1rio; e Luiz Marenco (PDT), como quarto secret\u00e1rio.<\/p>\n<p>Os 55 deputados empossados representam 15 bancadas:<\/p>\n<p>PT - Ad\u00e3o Pretto, Jeferson Fernandes, Laura Sito, Leonel Radde, Luiz Fernando Mainardi, Miguel Rossetto, Pepe Vargas, Sofia Cavedon, Stela Farias, Valdeci Oliveira e Z\u00e9 Nunes.<\/p>\n<p>PP - Adolfo Brito, Ernani Polo, Frederico Antunes, Guilherme Pasin, Joel de Igrejinha, Marcus Vin\u00edcius e Silvana Covatti.<\/p>\n<p>MDB - Beto Fantinel, Edivilson Brum, Juvir Costella, Luciano Silveira, Patr\u00edcia Alba e Vilmar Zanchin.<\/p>\n<p>Republicanos - Capit\u00e3o Martim, Delegado Zucco, Eliana Bayer, Gustavo Victorino e S\u00e9rgio Peres.<\/p>\n<p>PSDB - Delegada Nadine; Kak\u00e1 D \u00c1vila; Neri, o Carteiro; Pedro Pereira e Professor Bonatto<\/p>\n<p>PL - Adriana Lara, Claudio Tatsch, Kelly Moraes, Paparico Bacchi e Rodrigo Lorenzoni<\/p>\n<p>PDT - Eduardo Loureiro, Gerson Burmann, Gilmar Sossella e Luiz Marenco<\/p>\n<p>Uni\u00e3o Brasil - Alo\u00edsio Classmann, Dirceu Franciscon e Dr. Thiago Duarte.<\/p>\n<p>PSol - Luciana Genro e Matheus Gomes<\/p>\n<p>Podemos - Professor Cl\u00e1udio e Ronaldo Santini<\/p>\n<p>PCdoB - Bruna Rodrigues<\/p>\n<p>Novo - Felipe Camozzato<\/p>\n<p>PSB - Elton Weber<\/p>\n<p>PSD - Ga\u00facho da Geral<\/p>\n<p>PTB - Elizandro Sabino<\/p>\n<p>* Com informa\u00e7\u00f5es da ALRS<\/p>\n<p><strong>Foto: Gisele Ortolan<\/strong><\/p>\n","protected":false},"excerpt":{"rendered":"<p>Representando o Sindicato da Ind\u00fastria de Latic\u00ednios do Rio Grande do Sul (Sindilat), o secret\u00e1rio-executivo da entidade, Darlan Palharini, acompanhou nesta ter\u00e7a-feira (31\/01) a sess\u00e3o solene de posse dos 55 deputados estaduais da 56\u00aa Legislatura, que vai at\u00e9 janeiro de 2027. \u201cNosso setor est\u00e1 confiante de que o Parlamento ga\u00facho continuar\u00e1 atuando para fortalecer as <a href=\"https:\/\/www.sindilat.com.br\/site\/2023\/01\/31\/sindilat-acompanha-a-posse-na-assembleia-e-novo-presidente-garante-que-ouvira-os-setores-produtivos\/\" class=\"more-link\">...continuar lendo<span class=\"screen-reader-text\"> \"Sindilat acompanha a posse na Assembleia e novo presidente garante que ouvir\u00e1 os setores produtivos\"<\/span><\/a><\/p>\n","protected":false},"author":3,"featured_media":11271,"comment_status":"open","ping_status":"open","sticky":false,"template":"","format":"standard","meta":{"ngg_post_thumbnail":0,"footnotes":""},"categories":[18,31],"tags":[],"class_list":{"0":"post-11268","1":"post","2":"type-post","3":"status-publish","4":"format-standard","5":"has-post-thumbnail","7":"category-noticias","8":"category-noticias-sindilat-tv","9":"h-entry","10":"hentry","11":"h-as-article"},"_links":{"self":[{"href":"https:\/\/www.sindilat.com.br\/site\/wp-json\/wp\/v2\/posts\/11268","targetHints":{"allow":["GET"]}}],"collection":[{"href":"https:\/\/www.sindilat.com.br\/site\/wp-json\/wp\/v2\/posts"}],"about":[{"href":"https:\/\/www.sindilat.com.br\/site\/wp-json\/wp\/v2\/types\/post"}],"author":[{"embeddable":true,"href":"https:\/\/www.sindilat.com.br\/site\/wp-json\/wp\/v2\/users\/3"}],"replies":[{"embeddable":true,"href":"https:\/\/www.sindilat.com.br\/site\/wp-json\/wp\/v2\/comments?post=11268"}],"version-history":[{"count":3,"href":"https:\/\/www.sindilat.com.br\/site\/wp-json\/wp\/v2\/posts\/11268\/revisions"}],"predecessor-version":[{"id":11273,"href":"https:\/\/www.sindilat.com.br\/site\/wp-json\/wp\/v2\/posts\/11268\/revisions\/11273"}],"wp:featuredmedia":[{"embeddable":true,"href":"https:\/\/www.sindilat.com.br\/site\/wp-json\/wp\/v2\/media\/11271"}],"wp:attachment":[{"href":"https:\/\/www.sindilat.com.br\/site\/wp-json\/wp\/v2\/media?parent=11268"}],"wp:term":[{"taxonomy":"category","embeddable":true,"href":"https:\/\/www.sindilat.com.br\/site\/wp-json\/wp\/v2\/categories?post=11268"},{"taxonomy":"post_tag","embeddable":true,"href":"https:\/\/www.sindilat.com.br\/site\/wp-json\/wp\/v2\/tags?post=11268"}],"curies":[{"name":"wp","href":"https:\/\/api.w.org\/{rel}","templated":true}]}}