{"id":11254,"date":"2023-01-30T17:35:39","date_gmt":"2023-01-30T17:35:39","guid":{"rendered":"https:\/\/www.sindilat.com.br\/site\/?p=11254"},"modified":"2023-01-30T17:36:22","modified_gmt":"2023-01-30T17:36:22","slug":"30-01-2023","status":"publish","type":"post","link":"https:\/\/www.sindilat.com.br\/site\/2023\/01\/30\/30-01-2023\/","title":{"rendered":"30\/01\/2023"},"content":{"rendered":"<p><img loading=\"lazy\" decoding=\"async\" class=\"\" style=\"text-align: justify; font-size: 1rem;\" src=\"https:\/\/dl.dnzdns.com\/v\/uuURf8ABF0257\" alt=\"Newsletter Sindilat_RS\" width=\"1159\" height=\"207\"><\/p>\n<div id=\"icpbravoaccess_loaded\">\n<div id=\"icpbravoaccess_loaded\">\n<div id=\"icpbravoaccess_loaded\">\n<p style=\"text-align: justify;\">Porto Alegre, 30 de janeiro de 2023&nbsp; &nbsp; &nbsp; &nbsp; &nbsp; &nbsp; &nbsp; &nbsp; &nbsp; &nbsp; &nbsp; &nbsp; &nbsp; &nbsp; &nbsp; &nbsp; &nbsp; &nbsp; &nbsp; &nbsp; &nbsp; &nbsp; &nbsp; &nbsp; &nbsp; &nbsp; &nbsp; &nbsp; Ano 17 - N\u00b0 3.832<\/p>\n<\/div>\n<\/div>\n<\/div>\n<hr>\n<p style=\"text-align: justify;\"><b>Latic\u00ednios negociam exclus\u00e3o do FAF<br \/>\n<\/b><br \/>\nAs ind\u00fastrias de latic\u00ednios discutem com o governo estadual a possibilidade de exclus\u00e3o do chamado Fator de Ajuste de Frui\u00e7\u00e3o (FAF) na cobran\u00e7a do Imposto sobre Circula\u00e7\u00e3o de Mercadorias e Servi\u00e7os (ICMS). Na avalia\u00e7\u00e3o das empresas, as regras de c\u00e1lculo do incentivo fiscal, na pr\u00e1tica, n\u00e3o aliviam a carga tribut\u00e1ria do segmento e tornam os produtos l\u00e1cteos ga\u00fachos menos competitivos frente aos processados em outros estados. Ap\u00f3s reuni\u00e3o com lideran\u00e7as do setor na quinta-feira passada (26), a Secretaria da Fazenda (Sefaz) promete divulgar, em 20 de fevereiro, um relat\u00f3rio sobre os reflexos do FAF na cadeia do leite ao longo de 2022.&nbsp;<\/p>\n<p style=\"text-align: justify;\">A expectativa das ind\u00fastrias \u00e9 que os dados sirvam de base para o avan\u00e7o nas negocia\u00e7\u00f5es. Institu\u00eddo em 2021 pelos decretos 56.116 e 56.117, o FAF \u00e9 um percentual gradativo aplicado aos cr\u00e9ditos presumidos concedidos pelo Estado nas aquisi\u00e7\u00f5es de insumos. Para se beneficiar de 100% desses cr\u00e9ditos, por\u00e9m, as ind\u00fastrias precisam comprar todas as mat\u00e9rias-primas de fornecedores localizados em territ\u00f3rio ga\u00facho. Segundo o secret\u00e1rio executivo do Sindicato da Ind\u00fastria de Latic\u00ednios do Rio Grande do Sul (Sindilat), Darlan Palharini, a regra \u00e9 desfavor\u00e1vel ao setor, j\u00e1 que muitos desses itens, como embalagens cartonadas de longa vida, n\u00e3o s\u00e3o fabricados no Rio Grande do Sul e t\u00eam de ser trazidos de outras regi\u00f5es do pa\u00eds. \u201cNo caso do leite UHT, 50% da nossa produ\u00e7\u00e3o vai para outros estados. Esse n\u00famero j\u00e1 foi superior. Quando se tenta competir com outros estados para chegar a S\u00e3o Paulo, por exemplo, a embalagem tem um peso significativo no pre\u00e7o do leite\u201d, explica.&nbsp;<\/p>\n<p style=\"text-align: justify;\">Na semana passada, a Sefaz apresentou \u00e0s ind\u00fastrias um levantamento sobre vendas, compra de insumos, aquisi\u00e7\u00f5es de bens de capital e valor adicionado do setor l\u00e1cteo.&nbsp;<\/p>\n<p style=\"text-align: justify;\">Segundo o Sindilat, a receita de vendas do segmento no Rio Grande do Sul atingiu R$ 16,87 bilh\u00f5es no ano passado. A maior parte da produ\u00e7\u00e3o foi destinada a outras unidades da federa\u00e7\u00e3o (56,7%), enquanto as vendas internas totalizaram 41,3%, e as exporta\u00e7\u00f5es, 2%. No per\u00edodo, as compras de insumos pelas ind\u00fastrias somaram R$ 15,53 bilh\u00f5es, um aumento de 4,8% na compara\u00e7\u00e3o o ano anterior. \u201cOs dados refor\u00e7am o efeito (negativo) do fator de frui\u00e7\u00e3o na competitividade do setor\u201d, diz Palharini. O executivo observa que, caso as regras do FAF n\u00e3o sejam flexibilizadas, a tend\u00eancia \u00e9 de aumento dos custos de produ\u00e7\u00e3o do setor.&nbsp;<\/p>\n<p style=\"text-align: justify;\">De acordo com a sistem\u00e1tica de frui\u00e7\u00e3o escalonada, em janeiro deste ano, a parcela fixa de cr\u00e9dito presumido passa de 95% para 90%, e a parcela vari\u00e1vel (condicionada \u00e0 origem das compras de insumos da empresa) sobe de 5% para 10% -apartir de 2024, esses percentuais ser\u00e3o, respectivamente, de 85% e 15%. \u201cEsse custo (de produ\u00e7\u00e3o) acaba sendo dividido entre ind\u00fastrias e produtores de leite. O consumidor n\u00e3o vai pagar R$ 0,02, R$ 0,03 ou at\u00e9 R$ 1 a mais por um produto fabricado no Rio Gramde do Sul\u201d, afirma Palharini. (Correio do Povo)<\/p>\n<div id=\"icpbravoaccess_loaded\" style=\"text-align: justify;\">\n<div id=\"icpbravoaccess_loaded\" style=\"text-align: justify;\">\n<div id=\"icpbravoaccess_loaded\">\n<hr>\n<div style=\"text-align: justify;\">\n<div style=\"text-align: justify;\"><b>Competitividade: competir ou vencer?<br \/>\n<\/b><br \/>\nAs margens de sua empresa, ou da empresa em que voc\u00ea atua, s\u00e3o competitivas?<\/p>\n<p style=\"text-align: justify;\">Voc\u00ea j\u00e1 pensou que, muitas vezes, est\u00e1 em suas m\u00e3os melhorar (ou piorar) a competitividade do seu neg\u00f3cio? Se a empresa \u00e9 sua ou n\u00e3o, a sua decis\u00e3o \u00e9 a decis\u00e3o de quem est\u00e1 \u00e0 frente da negocia\u00e7\u00e3o e ela precisa ser assertiva! N\u00e3o basta apenas ser competitivo, \u00e9 preciso ter a melhor estrat\u00e9gia.<\/p>\n<p style=\"text-align: justify;\">E voc\u00ea j\u00e1 se perguntou em que voc\u00ea se baseia para tomar as melhores decis\u00f5es na sua rotina? Como sabe se est\u00e1 ou n\u00e3o fazendo um bom neg\u00f3cio? Como saber se est\u00e1 tomando a melhor decis\u00e3o? O seu neg\u00f3cio est\u00e1 vencendo ou apenas competindo, caminhando de lado?<\/p>\n<p style=\"text-align: justify;\">O seu conhecimento de mercado, sua forma\u00e7\u00e3o na cadeia de l\u00e1cteos e experi\u00eancia o guiam em sua tomada de decis\u00e3o... Mas, ser\u00e1 que voc\u00ea consegue projetar todos os cen\u00e1rios, em um mercado altamente din\u00e2mico e competitivo? Voc\u00ea tem a m\u00e3o todas as vari\u00e1veis? E, caso tenha, as utiliza estrategicamente?<\/p>\n<p style=\"text-align: justify;\">A cadeia de l\u00e1cteos tem uma caracter\u00edstica que torna cada decis\u00e3o ainda mais importante do que em outros ambientes de neg\u00f3cios: seu valor agregado elevado.<\/p>\n<p style=\"text-align: justify;\">Para voc\u00ea e sua empresa, qual \u00e9 o valor de uma decis\u00e3o 1% melhor? E se for 1% pior, quanto te custa? A competitividade do latic\u00ednio melhoraria muito com o resultado financeiro de uma decis\u00e3o sua que seja 1% melhor, certo?<\/p>\n<p style=\"text-align: justify;\">Se a sua resposta for sim, eu tenho como te ajudar! Lembre-se: no jogo l\u00e1cteo, o segundo colocado j\u00e1 \u00e9 o primeiro menos competitivo em termos de rentabilidade, diferencia\u00e7\u00e3o, protagonismo e sustentabilidade do neg\u00f3cio.<\/p>\n<p style=\"text-align: justify;\">Dia 22 de mar\u00e7o realizaremos a 14\u00aa edi\u00e7\u00e3o do F\u00f3rum MilkPoint Mercado, evento que \u00e9 feito pelo time do MiIlkPoint Mercado, uma plataforma focada na intelig\u00eancia do mercado de leite e seus derivados que traz a melhor informa\u00e7\u00e3o, no menor tempo poss\u00edvel, para as decis\u00f5es mais assertivas no seu neg\u00f3cio!<\/p>\n<p style=\"text-align: justify;\">O F\u00f3rum MilkPoint Mercado \u00e9 pensado e feito por um time com a expertise de quem atua h\u00e1 mais de 20 anos no setor e que vive o mercado l\u00e1cteo no dia a dia. A principal plataforma de intelig\u00eancia do mercado re\u00fane seu time de especialistas + um time de palestrantes que tamb\u00e9m \u00e9 especialista em suas \u00e1reas para tra\u00e7arem juntos os cen\u00e1rios de mercado ao longo do evento.<\/p>\n<p style=\"text-align: justify;\">Temos hist\u00f3rico \u2014 estamos na 14\u00aa edi\u00e7\u00e3o do evento \u2014 que comprova que aquilo que \u00e9 dito no evento acontece ao longo do semestre! O que quer dizer que a sua empresa pode se tornar ainda mais competitiva participando do evento.<\/p>\n<p style=\"text-align: justify;\">Traduzimos com assertividade as informa\u00e7\u00f5es de mercado para direcionar as estrat\u00e9gias dos agentes da cadeia l\u00e1ctea. Iluminamos cen\u00e1rios e perspectivas dos melhores profissionais do leite brasileiro. Se voc\u00ea planeja atuar na cadeia leiteira no Brasil nos pr\u00f3ximos anos, o evento que mais acerta previs\u00f5es \u00e9 seu lugar!<\/p>\n<p style=\"text-align: justify;\">Voc\u00ea pode participar presencialmente, em Campinas, ou de onde preferir, online. Clique aqui, confira a programa\u00e7\u00e3o completa e inscreva-se j\u00e1 com os valores especiais do 1\u00ba lote! Comece sendo competitivo j\u00e1 com o valor do ingresso!<\/p>\n<p style=\"text-align: justify;\">E a\u00ed, vamos juntos buscar o melhor resultado para sua empresa?<\/p>\n<p style=\"text-align: justify;\">Em parceria com o portal de not\u00edcias Milkpoint, os associados do Sindicato da Ind\u00fastria de Latic\u00ednios do Rio Grande do Sul (Sindilat) ter\u00e3o direito a desconto na inscri\u00e7\u00e3o para participar do 14\u00ba F\u00f3rum MilkPoint Mercado. No primeiro lote, com vendas at\u00e9 17 de fevereiro, o b\u00f4nus \u00e9 de 5% sobre R$ 600. Para os demais, ser\u00e1 de 10%, sendo que o ingresso no segundo lote custa R$ 700 e no terceiro, R$ 800.&nbsp;<a href=\"http:\/\/bit.ly\/3CYasRO\" data-cke-saved-href=\"http:\/\/bit.ly\/3CYasRO\">INSCREVA-SE COM DESCONTO CLICANDO AQUI<\/a>. (As informa\u00e7\u00f5es s\u00e3o do Milkpoint e do Sindilat\/RS)&nbsp;<\/p>\n<p style=\"text-align: justify;\">&nbsp;<br \/>\n<b>Cesta b\u00e1sica subiu o dobro da infla\u00e7\u00e3o em 10 anos; veja quanto aumentou cada alimento<br \/>\n<\/b><br \/>\nEm 2022, a cesta b\u00e1sica de Porto Alegre custou 66,2% do sal\u00e1rio m\u00ednimo l\u00edquido, valor que sobra ap\u00f3s o desconto do INSS dos R$ 1.212. \u00c9 o maior comprometimento em 17 anos. Os 13 produtos pesquisados somaram R$ 747. O levantamento foi enviado \u00e0 coluna pelo Dieese. O motivo, claro, \u00e9 o aumento dos pre\u00e7os dos alimentos, sucessivamente, bem acima da infla\u00e7\u00e3o m\u00e9dia.&nbsp;<\/p>\n<p style=\"text-align: justify;\">Para se ter uma ideia, nos \u00faltimos 10 anos, o pre\u00e7o da cesta b\u00e1sica subiu 160,09% na capital ga\u00facha, segundo a pesquisa da economista-chefe do Dieese, Daniela Sandi. Foi o dobro da infla\u00e7\u00e3o. O INPC acumulado no per\u00edodo \u00e9 de 80,51%. Daniela sempre ressalta que as fam\u00edlias de renda menor s\u00e3o sempre as que mais sofrem quando a comida fica mais cara. O or\u00e7amento delas tem uma parcela maior comprometida com alimenta\u00e7\u00e3o. (Zero Hora)<\/p>\n<p><img decoding=\"async\" src=\"https:\/\/dl.dnzdns.com\/v\/0wncf1ABF0416\" alt=\"\" data-cke-saved-src=\"https:\/\/dl.dnzdns.com\/v\/0wncf1ABF0416\"><\/p>\n<\/div>\n<\/div>\n<\/div>\n<div id=\"icpbravoaccess_loaded\">\n<div style=\"text-align: justify;\">\n<hr>\n<p style=\"text-align: center;\"><i style=\"font-size: 1rem;\"><b>Jogo R\u00e1pido&nbsp;<\/b><\/i><\/p>\n<\/div>\n<\/div>\n<\/div>\n<\/div>\n<div style=\"text-align: center;\">\n<p><i><b>A produ\u00e7\u00e3o de leite de vaca subiu 1,9% em novembro de 2022<br \/>\n<\/b>Os \u00faltimos dados divulgados pelo Observat\u00f3rio Europeu do Mercado de Leite de Vaca mostram que em novembro foram captadas 204 mil toneladas de leite a mais em rela\u00e7\u00e3o ao mesmo m\u00eas de 2021, o que representa incremento de 1,9%. Somente dois pa\u00edses, entre os principais produtores, mostraram queda. S\u00e3o It\u00e1lia, -3% e a Espanha, onde a redu\u00e7\u00e3o foi mais acentuada, chegando a 4,5%. Os outros estados membros tiveram desempenhos positivos. A Irlanda com o maior crescimento (+7,4%), seguida pela Holanda (+5,1%) e Alemanha (+3,9%). Pol\u00f4nia e Fran\u00e7a tiveram crescimento menos acentuado, +2,5% e +1,1%, respectivamente. Apesar do crescimento de novembro de 2022, no acumulado do ano, o conjunto da Uni\u00e3o Europeia (UE) est\u00e1 com uma capta\u00e7\u00e3o 0,1% menor do que a registrada no mesmo per\u00edodo de 2021. Alemanha, Fran\u00e7a, It\u00e1lia e Espanha apresentam perdas acumuladas de -0,3%, -0,8%, -0,9% e -2,3%, respectivamente. Ficaram no campo positivo a Holanda (+0,9%) e a Irlanda (+0,7%). (Fonte: AgroNews Catilla y Leon \u2013 Tradu\u00e7\u00e3o livre: www.terraviva.com.br)<\/i><\/p>\n<\/div>\n<div id=\"icpbravoaccess_loaded\" style=\"text-align: justify;\">\n<div id=\"icpbravoaccess_loaded\">\n<hr>\n<\/div>\n<\/div>\n<div id=\"icpbravoaccess_loaded\">&nbsp;<\/div>\n<div id=\"icpbravoaccess_loaded\">&nbsp;<\/div>\n<div id=\"icpbravoaccess_loaded\">&nbsp;<\/div>\n","protected":false},"excerpt":{"rendered":"<p>Porto Alegre, 30 de janeiro de 2023&nbsp; &nbsp; &nbsp; &nbsp; &nbsp; &nbsp; &nbsp; &nbsp; &nbsp; &nbsp; &nbsp; &nbsp; &nbsp; &nbsp; &nbsp; &nbsp; &nbsp; &nbsp; &nbsp; &nbsp; &nbsp; &nbsp; &nbsp; &nbsp; &nbsp; &nbsp; &nbsp; &nbsp; Ano 17 - N\u00b0 3.832 Latic\u00ednios negociam exclus\u00e3o do FAF As ind\u00fastrias de latic\u00ednios discutem com o governo estadual a possibilidade <a href=\"https:\/\/www.sindilat.com.br\/site\/2023\/01\/30\/30-01-2023\/\" class=\"more-link\">...continuar lendo<span class=\"screen-reader-text\"> \"30\/01\/2023\"<\/span><\/a><\/p>\n","protected":false},"author":2,"featured_media":0,"comment_status":"open","ping_status":"open","sticky":false,"template":"","format":"standard","meta":{"ngg_post_thumbnail":0,"footnotes":""},"categories":[28],"tags":[],"class_list":{"0":"post-11254","1":"post","2":"type-post","3":"status-publish","4":"format-standard","6":"category-newsletter","7":"h-entry","8":"hentry","9":"h-as-article"},"_links":{"self":[{"href":"https:\/\/www.sindilat.com.br\/site\/wp-json\/wp\/v2\/posts\/11254","targetHints":{"allow":["GET"]}}],"collection":[{"href":"https:\/\/www.sindilat.com.br\/site\/wp-json\/wp\/v2\/posts"}],"about":[{"href":"https:\/\/www.sindilat.com.br\/site\/wp-json\/wp\/v2\/types\/post"}],"author":[{"embeddable":true,"href":"https:\/\/www.sindilat.com.br\/site\/wp-json\/wp\/v2\/users\/2"}],"replies":[{"embeddable":true,"href":"https:\/\/www.sindilat.com.br\/site\/wp-json\/wp\/v2\/comments?post=11254"}],"version-history":[{"count":3,"href":"https:\/\/www.sindilat.com.br\/site\/wp-json\/wp\/v2\/posts\/11254\/revisions"}],"predecessor-version":[{"id":11261,"href":"https:\/\/www.sindilat.com.br\/site\/wp-json\/wp\/v2\/posts\/11254\/revisions\/11261"}],"wp:attachment":[{"href":"https:\/\/www.sindilat.com.br\/site\/wp-json\/wp\/v2\/media?parent=11254"}],"wp:term":[{"taxonomy":"category","embeddable":true,"href":"https:\/\/www.sindilat.com.br\/site\/wp-json\/wp\/v2\/categories?post=11254"},{"taxonomy":"post_tag","embeddable":true,"href":"https:\/\/www.sindilat.com.br\/site\/wp-json\/wp\/v2\/tags?post=11254"}],"curies":[{"name":"wp","href":"https:\/\/api.w.org\/{rel}","templated":true}]}}