{"id":11235,"date":"2023-01-26T20:09:31","date_gmt":"2023-01-26T20:09:31","guid":{"rendered":"https:\/\/www.sindilat.com.br\/site\/?p=11235"},"modified":"2023-01-26T20:11:44","modified_gmt":"2023-01-26T20:11:44","slug":"26-01-2023","status":"publish","type":"post","link":"https:\/\/www.sindilat.com.br\/site\/2023\/01\/26\/26-01-2023\/","title":{"rendered":"26\/01\/2023"},"content":{"rendered":"<p><img loading=\"lazy\" decoding=\"async\" class=\"\" style=\"text-align: justify; font-size: 1rem;\" src=\"https:\/\/dl.dnzdns.com\/v\/uuURf8ABF0257\" alt=\"Newsletter Sindilat_RS\" width=\"1159\" height=\"207\"><\/p>\n<div id=\"icpbravoaccess_loaded\">\n<div id=\"icpbravoaccess_loaded\">\n<div id=\"icpbravoaccess_loaded\">\n<p style=\"text-align: justify;\">Porto Alegre, 26 de janeiro de 2023&nbsp; &nbsp; &nbsp; &nbsp; &nbsp; &nbsp; &nbsp; &nbsp; &nbsp; &nbsp; &nbsp; &nbsp; &nbsp; &nbsp; &nbsp; &nbsp; &nbsp; &nbsp; &nbsp; &nbsp; &nbsp; &nbsp; &nbsp; &nbsp; &nbsp; &nbsp; &nbsp; &nbsp; Ano 17 - N\u00b0 3.830<\/p>\n<\/div>\n<\/div>\n<\/div>\n<hr>\n<p style=\"text-align: justify;\"><b>Conseleite MG<br \/>\n<\/b><br \/>\nA diretoria do Conseleite Minas Gerais reunida no dia 26 de Janeiro de 2023, atendendo os dispositivos disciplinados no artigo 15 do seu Estatuto, inciso I e de acordo com metodologia definida pelo Conseleite Minas Gerais que considera os pre\u00e7os m\u00e9dios e o mix de comercializa\u00e7\u00e3o dos derivados l\u00e1cteos praticados pelas empresas participantes, aprova e divulga:<\/p>\n<p style=\"text-align: justify;\">a) os valores de refer\u00eancia do leite padr\u00e3o, maior e menor valor de refer\u00eancia para o produto<br \/>\nentregue em Novembro\/2022 a ser pago em Dezembro\/2022<br \/>\nb) os valores de refer\u00eancia do leite padr\u00e3o, maior e menor valor de refer\u00eancia para o produto<br \/>\nentregue em Dezembro\/2022 a ser pago em Janeiro\/2023<br \/>\nc) os valores de refer\u00eancia do leite padr\u00e3o, maior e menor valor de refer\u00eancia para o produto<br \/>\nentregue em Dezembro\/2022 a ser pago em Janeiro\/2023 e valores de refer\u00eancia projetados do leite padr\u00e3o maior e menor valor de refer\u00eancia para o produto entregue em Janeiro\/2023 a ser pago em Fevereiro\/2023.<\/p>\n<p style=\"text-align: justify;\"><img decoding=\"async\" src=\"https:\/\/dl.dnzdns.com\/v\/cYha63ABF0410\" alt=\"\" data-cke-saved-src=\"https:\/\/dl.dnzdns.com\/v\/cYha63ABF0410\"><br \/>\n<img decoding=\"async\" src=\"https:\/\/dl.dnzdns.com\/v\/04JK14ABF0417\" alt=\"\" data-cke-saved-src=\"https:\/\/dl.dnzdns.com\/v\/04JK14ABF0417\"><\/p>\n<p style=\"text-align: justify;\">Os valores de refer\u00eancia indicados nesta resolu\u00e7\u00e3o para a mat\u00e9ria-prima leite denominada \u201cLeite Padr\u00e3o\u201d, se refere ao leite analisado que cont\u00e9m 3,30% de gordura, 3,10% de prote\u00edna, 400 mil c\u00e9lulas som\u00e1ticas\/ml, 100 mil ufc\/ml de contagem bacteriana e produ\u00e7\u00e3o individual di\u00e1ria de at\u00e9 160 litros\/dia. Os valores s\u00e3o posto propriedade incluindo 1,5% de Funrural. (Conseleite MG)<\/p>\n<div id=\"icpbravoaccess_loaded\" style=\"text-align: justify;\">\n<div id=\"icpbravoaccess_loaded\" style=\"text-align: justify;\">\n<div id=\"icpbravoaccess_loaded\">\n<hr>\n<div style=\"text-align: justify;\">\n<p dir=\"ltr\" style=\"text-align: justify;\"><b>Latic\u00ednios Bela Vista se transforma em S.A<\/b><\/p>\n<p>Como parte da estrat\u00e9gia de crescimento, o Latic\u00ednios Bela Vista, dono da marca Piracanjuba, comunica que deixa de ser uma sociedade limitada (LTDA) para se transformar em sociedade an\u00f4nima (S.A.), de capital fechado.&nbsp;<\/p>\n<p>A mudan\u00e7a faz parte do processo de estrutura\u00e7\u00e3o e profissionaliza\u00e7\u00e3o da companhia, que est\u00e1 em constante expans\u00e3o, em prol do fortalecimento das a\u00e7\u00f5es de governan\u00e7a corporativa e valoriza\u00e7\u00e3o do potencial humano. A altera\u00e7\u00e3o n\u00e3o acarretar\u00e1 nenhuma mudan\u00e7a na atual estrutura societ\u00e1ria, nem na opera\u00e7\u00e3o, e se torna um marco importante para o futuro da organiza\u00e7\u00e3o que, atualmente, conta com 3,5 mil colaboradores diretos, sete Unidades Fabris e doze Postos de Resfriamento.&nbsp;<\/p>\n<p>O Latic\u00ednios Bela Vista \u00e9 uma das tr\u00eas maiores ind\u00fastrias de l\u00e1cteos do pa\u00eds, e opera com capacidade produtiva de 6 milh\u00f5es de litros de leite por dia. Possui um portf\u00f3lio com mais de 180 produtos, distribu\u00eddos nas marcas Piracanjuba, Pirakids, LeitBom, ChocoBom e MeuBom, al\u00e9m de possuir o licenciamento das marcas Almond Breeze para o Brasil e alguns pa\u00edses da Am\u00e9rica do Sul; e o licenciamento das marcas Ninho e Molico (leite UHT), para o territ\u00f3rio nacional.&nbsp;<\/p>\n<p>A trajet\u00f3ria re\u00fane importantes premia\u00e7\u00f5es e reconhecimentos relacionados aos produtos e \u00e0 gest\u00e3o, fundamentada em valores como \u00e9tica, valoriza\u00e7\u00e3o das pessoas e responsabilidade socioambiental.&nbsp;<\/p>\n<p>As informa\u00e7\u00f5es s\u00e3o da Assessoria de Imprensa da Piracanjuba.<\/p>\n<p><b>Novas esta\u00e7\u00f5es de monitoramento do Simagro-RS come\u00e7am a ser instaladas<br \/>\n<\/b><br \/>\nO projeto de revitaliza\u00e7\u00e3o e instala\u00e7\u00e3o de novas esta\u00e7\u00f5es meteorol\u00f3gicas do Sistema de Monitoramento e Alertas Agroclim\u00e1ticos (Simagro-RS) est\u00e1 a pleno no interior do Rio Grande do Sul neste m\u00eas de janeiro. Desde o dia 16\/01, j\u00e1 foram instaladas duas novas esta\u00e7\u00f5es nos munic\u00edpios de Montenegro, em parceria com a Universidade de Santa Cruz do Sul (Unisc), e Santo \u00c2ngelo, em parceria com o Instituto Federal Farroupilha. E foram revitalizadas outras sete j\u00e1 existentes, nos munic\u00edpios de Maquin\u00e9, Caxias do Sul, Vacaria, Veran\u00f3polis, Taquari, Santa Maria e J\u00falio de Castilhos.<\/p>\n<p>At\u00e9 o final desta semana, ser\u00e3o instaladas ainda tr\u00eas esta\u00e7\u00f5es novas em Cerro Largo, Itaqui e Alegrete e revitalizadas as de S\u00e3o Gabriel e Hulha Negra. As esta\u00e7\u00f5es s\u00e3o utilizadas no monitoramento clim\u00e1tico e no uso correto de produtos fitossanit\u00e1rios. O Simagro-RS tamb\u00e9m conta com modelos de tempo e clima, onde s\u00e3o gerados produtos agrometeorol\u00f3gicos para todos os 497 munic\u00edpios do Rio Grande do Sul.<\/p>\n<p>De acordo com o meteorologista Fl\u00e1vio Varone, coordenador do Simagro-RS, a instala\u00e7\u00e3o e revitaliza\u00e7\u00e3o das esta\u00e7\u00f5es encerra na pr\u00f3xima semana. \u201cN\u00f3s teremos 20 esta\u00e7\u00f5es da rede da antiga Fepagro, hoje Departamento de Diagn\u00f3stico e Pesquisa Agropecu\u00e1ria (DDPA), e 30 novas instaladas, totalizando 50 esta\u00e7\u00f5es pr\u00f3prias em opera\u00e7\u00e3o\u201d, destaca Varone.&nbsp;<\/p>\n<p>As esta\u00e7\u00f5es a serem instaladas na pr\u00f3xima semana est\u00e3o localizadas nas cidades de Pelotas, Encruzilhada, Eldorado do Sul, Cachoeirinha e Viam\u00e3o e uma nova esta\u00e7\u00e3o em Esteio, no Parque de Exposi\u00e7\u00f5es Assis Brasil.<\/p>\n<p>Saiba mais sobre o Simagro-RS:&nbsp;<a href=\"https:\/\/www.agricultura.rs.gov.br\/simagro-rs\" data-cke-saved-href=\"https:\/\/www.agricultura.rs.gov.br\/simagro-rs\">https:\/\/www.agricultura.rs.gov.br\/simagro-rs<\/a><\/p>\n<p>As informa\u00e7\u00f5es s\u00e3o da SEAPI<\/p>\n<\/div>\n<\/div>\n<div id=\"icpbravoaccess_loaded\">\n<div style=\"text-align: justify;\">\n<hr>\n<p style=\"text-align: center;\"><i style=\"font-size: 1rem;\"><b>Jogo R\u00e1pido&nbsp;<\/b><\/i><\/p>\n<\/div>\n<\/div>\n<\/div>\n<\/div>\n<div style=\"text-align: center;\">\n<p><i><b>Vitamina B12<br \/>\n<\/b>Pesquisadores canadenses avaliaram a dieta de idosos com idade entre 67 e 84 anos buscando entender a rela\u00e7\u00e3o entre a quantidade de vitamina B12 ingerida - proveniente de diferentes fontes diet\u00e9ticas - e o risco de defici\u00eancia desse nutriente. Vamos aos resultados? Surpreendentemente a fonte diet\u00e9tica se mostrou mais relevante do que a quantidade de vitamina B12 ingerida: os idosos que consumiram alimentos do grupo dos l\u00e1cteos, obtiveram maior concentra\u00e7\u00e3o sangu\u00ednea da vitamina e, consequentemente, menor risco de defici\u00eancia. Incr\u00edvel, n\u00e3o \u00e9 mesmo?&nbsp; Fique ligado e n\u00e3o perca nenhum conte\u00fado como esse! Fonte: Consuming dairy products helps guard against vitamin B12 deficiency in older adults. Internetional Milk Genomics Consortium, Anna Petherick. N. #112, 2023 (Beba Mais Leite)<\/i><\/p>\n<\/div>\n<div id=\"icpbravoaccess_loaded\" style=\"text-align: justify;\">\n<div id=\"icpbravoaccess_loaded\">\n<hr>\n<\/div>\n<\/div>\n<div id=\"icpbravoaccess_loaded\">&nbsp;<\/div>\n<div id=\"icpbravoaccess_loaded\">&nbsp;<\/div>\n<div id=\"icpbravoaccess_loaded\">&nbsp;<\/div>\n","protected":false},"excerpt":{"rendered":"<p>Porto Alegre, 26 de janeiro de 2023&nbsp; &nbsp; &nbsp; &nbsp; &nbsp; &nbsp; &nbsp; &nbsp; &nbsp; &nbsp; &nbsp; &nbsp; &nbsp; &nbsp; &nbsp; &nbsp; &nbsp; &nbsp; &nbsp; &nbsp; &nbsp; &nbsp; &nbsp; &nbsp; &nbsp; &nbsp; &nbsp; &nbsp; Ano 17 - N\u00b0 3.830 Conseleite MG A diretoria do Conseleite Minas Gerais reunida no dia 26 de Janeiro de 2023, <a href=\"https:\/\/www.sindilat.com.br\/site\/2023\/01\/26\/26-01-2023\/\" class=\"more-link\">...continuar lendo<span class=\"screen-reader-text\"> \"26\/01\/2023\"<\/span><\/a><\/p>\n","protected":false},"author":2,"featured_media":0,"comment_status":"open","ping_status":"open","sticky":false,"template":"","format":"standard","meta":{"ngg_post_thumbnail":0,"footnotes":""},"categories":[28],"tags":[],"class_list":{"0":"post-11235","1":"post","2":"type-post","3":"status-publish","4":"format-standard","6":"category-newsletter","7":"h-entry","8":"hentry","9":"h-as-article"},"_links":{"self":[{"href":"https:\/\/www.sindilat.com.br\/site\/wp-json\/wp\/v2\/posts\/11235","targetHints":{"allow":["GET"]}}],"collection":[{"href":"https:\/\/www.sindilat.com.br\/site\/wp-json\/wp\/v2\/posts"}],"about":[{"href":"https:\/\/www.sindilat.com.br\/site\/wp-json\/wp\/v2\/types\/post"}],"author":[{"embeddable":true,"href":"https:\/\/www.sindilat.com.br\/site\/wp-json\/wp\/v2\/users\/2"}],"replies":[{"embeddable":true,"href":"https:\/\/www.sindilat.com.br\/site\/wp-json\/wp\/v2\/comments?post=11235"}],"version-history":[{"count":6,"href":"https:\/\/www.sindilat.com.br\/site\/wp-json\/wp\/v2\/posts\/11235\/revisions"}],"predecessor-version":[{"id":11241,"href":"https:\/\/www.sindilat.com.br\/site\/wp-json\/wp\/v2\/posts\/11235\/revisions\/11241"}],"wp:attachment":[{"href":"https:\/\/www.sindilat.com.br\/site\/wp-json\/wp\/v2\/media?parent=11235"}],"wp:term":[{"taxonomy":"category","embeddable":true,"href":"https:\/\/www.sindilat.com.br\/site\/wp-json\/wp\/v2\/categories?post=11235"},{"taxonomy":"post_tag","embeddable":true,"href":"https:\/\/www.sindilat.com.br\/site\/wp-json\/wp\/v2\/tags?post=11235"}],"curies":[{"name":"wp","href":"https:\/\/api.w.org\/{rel}","templated":true}]}}