{"id":11228,"date":"2023-01-25T20:12:50","date_gmt":"2023-01-25T20:12:50","guid":{"rendered":"https:\/\/www.sindilat.com.br\/site\/?p=11228"},"modified":"2023-01-25T20:14:52","modified_gmt":"2023-01-25T20:14:52","slug":"25-01-2023","status":"publish","type":"post","link":"https:\/\/www.sindilat.com.br\/site\/2023\/01\/25\/25-01-2023\/","title":{"rendered":"25\/01\/2023"},"content":{"rendered":"<p><img loading=\"lazy\" decoding=\"async\" class=\"\" style=\"text-align: justify; font-size: 1rem;\" src=\"https:\/\/dl.dnzdns.com\/v\/uuURf8ABF0257\" alt=\"Newsletter Sindilat_RS\" width=\"1159\" height=\"207\"><\/p>\n<div id=\"icpbravoaccess_loaded\">\n<div id=\"icpbravoaccess_loaded\">\n<div id=\"icpbravoaccess_loaded\">\n<p style=\"text-align: justify;\">Porto Alegre, 25 de janeiro de 2023&nbsp; &nbsp; &nbsp; &nbsp; &nbsp; &nbsp; &nbsp; &nbsp; &nbsp; &nbsp; &nbsp; &nbsp; &nbsp; &nbsp; &nbsp; &nbsp; &nbsp; &nbsp; &nbsp; &nbsp; &nbsp; &nbsp; &nbsp; &nbsp; &nbsp; &nbsp; &nbsp; &nbsp; Ano 17 - N\u00b0 3.829<\/p>\n<\/div>\n<\/div>\n<\/div>\n<hr>\n<p style=\"text-align: justify;\"><b>Informativo Conjuntural Emater\/RS<\/b><br \/>\n&nbsp;<br \/>\n<b>BOVINOCULTURA DE LEITE<\/b><br \/>\nEm diversos munic\u00edpios, onde as \u00e1reas de forrageiras j\u00e1 se encontram significativamente afetadas pela falta de chuvas regulares, os produtores est\u00e3o priorizando o consumo de alimentos volumosos de melhor qualidade pelas matrizes em lacta\u00e7\u00e3o. Em alguns casos, h\u00e1 necessidade de aporte de ra\u00e7\u00e3o como forma de evitar a queda expressiva na produ\u00e7\u00e3o de leite ou para minimizar perda de escore corporal. Essas restri\u00e7\u00f5es de alimentos podem influenciar diretamente no potencial reprodutivo futuro e na idade ao primeiro parto das f\u00eameas jovens, al\u00e9m da ocorr\u00eancia de pari\u00e7\u00f5es de animais com baixo escore corporal, resultando no menor desenvolvimento dos terneiros.&nbsp;<br \/>\n&nbsp;<br \/>\nAs temperaturas elevadas ao longo do dia causam grande estresse t\u00e9rmico \u00e0s vacas leiteiras, aumentando a necessitando de mecanismos para mitiga\u00e7\u00e3o do calor e umidade relativa do ar nos locais de cria\u00e7\u00e3o. O consumo das reservas de feno est\u00e1 ocorrendo de forma antecipada, situa\u00e7\u00e3o que pode ter reflexos no per\u00edodo de vazio forrageiro outonal para o qual os alimentos conservados s\u00e3o essenciais.<br \/>\n&nbsp;<br \/>\nNa regional da Emater\/RS-Ascar de Bag\u00e9, em Uruguaiana, estima-se que a queda no volume de leite j\u00e1 est\u00e1 em 50% do esperado devido \u00e0 redu\u00e7\u00e3o na oferta e na qualidade das forrageiras. Em Santana do Livramento, h\u00e1 relatos da redu\u00e7\u00e3o de 30% no volume di\u00e1rio de leite coletado por uma cooperativa local.<br \/>\n&nbsp;<br \/>\nNa regional de Erechim, com a volta das chuvas, espera-se melhora na oferta de pastagens e na redu\u00e7\u00e3o dos custos de produ\u00e7\u00e3o do leite, uma vez que reduz o estresse t\u00e9rmico e o uso de alimentos conservados.<br \/>\n&nbsp;<br \/>\nNa regional de Frederico Westphalen, o cen\u00e1rio de queda da produ\u00e7\u00e3o de leite tende a se agravar devido \u00e0 baixa ocorr\u00eancia de chuvas e \u00e0 manuten\u00e7\u00e3o das temperaturas altas.<br \/>\n&nbsp;<br \/>\nNa regional de Iju\u00ed, os produtores est\u00e3o ofertando milho (planta inteira triturada) aos animais, mas, devido \u00e0 sua baixa qualidade, ainda n\u00e3o supre as necessidades dos rebanhos em produ\u00e7\u00e3o.<br \/>\n&nbsp;<br \/>\nNa regional de Lajeado, os volumes de leite entregues para a ind\u00fastria nos \u00faltimos meses sofreram redu\u00e7\u00e3o, se comparados ao mesmo per\u00edodo de anos anteriores.<br \/>\n&nbsp;<br \/>\nNa regional de Passo Fundo, os animais apresentam adequadas condi\u00e7\u00f5es sanit\u00e1rias e ainda mant\u00eam o escore corporal, mas com necessidade de ajustes nas dietas.<br \/>\n&nbsp;<br \/>\nNa regional de Pelotas, nos locais onde as chuvas ocorreram com bons volumes, a falta de pastagens deve reduzir. Onde n\u00e3o houve o retorno da umidade ao solo, os produtores est\u00e3o em busca de alimenta\u00e7\u00e3o alternativa para adequar a dieta dos rebanhos.<br \/>\n&nbsp;<br \/>\nNa regional de Porto Alegre, os animais tiverem redu\u00e7\u00e3o da condi\u00e7\u00e3o corporal em fun\u00e7\u00e3o da estiagem. A chuva permitiu a realiza\u00e7\u00e3o da aduba\u00e7\u00e3o em cobertura nas pastagens cultivadas, auxiliando a recupera\u00e7\u00e3o das pastagens e do campo nativo.<br \/>\n&nbsp;<br \/>\nNa regional de Santa Maria, devido ao baixo desenvolvimento das pastagens em decorr\u00eancia da falta de umidade e \u00e0 pouca reserva de alimentos dispon\u00edveis para o rebanho leiteiro, estima-se que est\u00e3o deixando de ser coletados 100 mil litros diariamente de leite na regi\u00e3o.<br \/>\n&nbsp;<br \/>\nNas regionais de Santa Rosa e Soledade, apesar das chuvas e da redu\u00e7\u00e3o da temperatura, o excesso de calor tem causado estresse t\u00e9rmico aos animais, impactando na produ\u00e7\u00e3o di\u00e1ria de leite.<br \/>\n&nbsp;<br \/>\n<b>MILHO SILAGEM<\/b><br \/>\nA \u00e1rea estimada de cultivo de milho silagem \u00e9 de 365.467 hectares, e a produtividade esperada inicialmente \u00e9 de 37.857 kg\/ha. Houve prosseguimento no corte de lavouras para ensilagem, e, no final do per\u00edodo, as chuvas favoreceram a retomada do plantio e lavouras em desenvolvimento e em fases reprodutivas. As perdas na produtividade permanecem mais acentuadas nas regi\u00f5es Centro e Noroeste do Estado. A qualidade tamb\u00e9m \u00e9 afetada; houve pequena propor\u00e7\u00e3o de gr\u00e3os e massa vegetal excessivamente fibrosa e seca. Na regi\u00e3o administrativa da Emater\/RS-Ascar de Bag\u00e9, em Acegu\u00e1, as chuvas em volumes adequados permitiram a retomada de semeadura de novas lavouras. As que chegaram na fase reprodutiva tamb\u00e9m foram beneficiadas. Contudo, h\u00e1 perdas de pequena escala, relacionadas com o menor porte das plantas, decorrente da falta de chuvas regulares nos meses de novembro e dezembro. Em Hulha Negra, estima-se que as lavouras destinadas \u00e0 produ\u00e7\u00e3o de silagem apresentam perdas de 35% devido aos efeitos da estiagem, sendo superiores \u00e0s perdas estimadas para as lavouras de produ\u00e7\u00e3o de gr\u00e3os devido \u00e0 maior propor\u00e7\u00e3o de h\u00edbridos de mais alto potencial produtivo e de maior sensibilidade ao estresse h\u00eddrico. As condi\u00e7\u00f5es clim\u00e1ticas adversas para a aplica\u00e7\u00e3o de fertilizantes nitrogenados e para o controle de ervas daninhas tamb\u00e9m contribu\u00edram para os preju\u00edzos observados. Na Fronteira Oeste, os produtores de leite, em S\u00e3o Gabriel e em Manoel Viana, realizaram a ensilagem de lavouras onde se confirmou a quebra devido \u00e0 estiagem. Na de Frederico Westphalen, as perdas aproximam-se de 40%; 75% das lavouras foram colhidas; e 25% est\u00e3o prontas para corte. Ainda devem ser implantados aproximadamente cinco mil hectares de milho silagem ap\u00f3s a colheita do milho gr\u00e3o. Na de Santa Maria, foram colhidos 45% dos cultivos, e o rendimento obtido \u00e9 de aproximadamente 20.000 kg\/ha, abaixo da previs\u00e3o inicial de 32.000 kg\/ha. Na de Santa Rosa, 80% dos cultivos foram colhidos, e a produtividade \u00e9 pr\u00f3xima a 25.000 kg\/ha, abaixo da expectativa inicial de 35.000 kg\/ha. (Emater)<br \/>\n&nbsp;<br \/>\n&nbsp;<img decoding=\"async\" src=\"https:\/\/dl.dnzdns.com\/v\/d3PCfaABF0111\" alt=\"\" data-cke-saved-src=\"https:\/\/dl.dnzdns.com\/v\/d3PCfaABF0111\"><\/p>\n<div id=\"icpbravoaccess_loaded\" style=\"text-align: justify;\">\n<div id=\"icpbravoaccess_loaded\" style=\"text-align: justify;\">\n<div id=\"icpbravoaccess_loaded\">\n<hr>\n<div style=\"text-align: justify;\">\n<p dir=\"ltr\" style=\"text-align: justify;\"><b>Petrobras aumenta pre\u00e7o da gasolina em 7,5% para distribuidoras<br \/>\n<\/b><br \/>\nA Petrobras anunciou que vai aumentar o pre\u00e7o m\u00e9dio de venda da gasolina nas refinarias para as distribuidoras de R$ 3,08 para R$ 3,31 por litro a partir de quarta-feira (25). Esse \u00e9 o primeiro reajuste de 2023, assim como o primeiro aumento nos pre\u00e7os no novo governo.<\/p>\n<p>O aumento de R$ 0,23 por litro em m\u00e9dia corresponde a uma alta de 7,47% na cota\u00e7\u00e3o da gasolina.<\/p>\n<p>De acordo com a estatal, considerando a mistura obrigat\u00f3ria de 73% de gasolina A e 27% de etanol anidro para a composi\u00e7\u00e3o da gasolina comercializada nos postos, a parcela da Petrobras no pre\u00e7o ao consumidor ser\u00e1, em m\u00e9dia, R$ 2,42 a cada litro vendido na bomba.<\/p>\n<p>A companhia disse em nota que o aumento acompanha a evolu\u00e7\u00e3o dos pre\u00e7os de refer\u00eancia e \u00e9 coerente com a pr\u00e1tica de pre\u00e7os da empresa, que busca o equil\u00edbrio dos seus pre\u00e7os com o mercado, mas sem o repasse para os pre\u00e7os internos da volatilidade conjuntural das cota\u00e7\u00f5es e da taxa de c\u00e2mbio.<\/p>\n<p>A pol\u00edtica de pre\u00e7os alinhada ao exterior \u00e9 alvo de cr\u00edticas do governo \u00e0 empresa. O indicado pelo presidente Lula \u00e0 presid\u00eancia da companhia, Jean Paul Prates, ainda n\u00e3o assumiu o cargo. (Valor Econ\u00f4mico)<\/p>\n<p><b>Valor de refer\u00eancia do leite a ser pago em janeiro \u00e9 divulgado pelo Conseleite\/MT<br \/>\n<\/b><br \/>\nA diretoria do Conseleite \u2013 Mato Grosso atendendo os dispositivos do seu Estatuto, aprova e divulga os valores de refer\u00eancia para a mat\u00e9ria-prima, referente ao leite entregue no m\u00eas de Novembro de 2022 a ser pago em Dezembro de 2022 e para o leite entregue no m\u00eas de Dezembro de 2022 a ser pago em Janeiro de 2023.<\/p>\n<p>Em Janeiro de 2023 a C\u00e2mara T\u00e9cnica concluiu os estudos que resultaram na atualiza\u00e7\u00e3o dos custos de produ\u00e7\u00e3o dos produtores e das ind\u00fastrias. Dessa forma, em janeiro e fevereiro de 2023 ser\u00e3o divulgados os resultados dos valores de refer\u00eancia para a mat\u00e9ria-prima leite com e sem revis\u00e3o.<\/p>\n<p>Os valores divulgados compreendem os pre\u00e7os de refer\u00eancia para o leite padr\u00e3o levando em conta o volume m\u00e9dio mensal de leite entregue pelo produtor.<\/p>\n<p><img decoding=\"async\" src=\"https:\/\/dl.dnzdns.com\/v\/fmCibdABF0415\" alt=\"\" data-cke-saved-src=\"https:\/\/dl.dnzdns.com\/v\/fmCibdABF0415\"><\/p>\n<p>Os valores de refer\u00eancia da tabela s\u00e3o para a mat\u00e9ria-prima leite \u201cposto propriedade\u201d, o que significa que o frete n\u00e3o deve ser descontado do produtor rural. Nos valores de refer\u00eancia est\u00e1 incluso Funrural de 1,5% a ser descontado do produtor rural&nbsp;<\/p>\n<p>As informa\u00e7\u00f5es s\u00e3o do Conseleite-MT.<\/p>\n<\/div>\n<\/div>\n<div id=\"icpbravoaccess_loaded\">\n<div style=\"text-align: justify;\">\n<hr>\n<p style=\"text-align: center;\"><i style=\"font-size: 1rem;\"><b>Jogo R\u00e1pido&nbsp;<\/b><\/i><\/p>\n<\/div>\n<\/div>\n<\/div>\n<\/div>\n<div style=\"text-align: center;\">\n<p><em><b>\u00c9 AMANH\u00c3: SETOR DO LEITE EM DEBATE<br \/>\n<\/b>Venha assistir e participar da live DI\u00c1LOGOS SETORIAIS que ser\u00e1 transmitida pelo canal do YouTube da Secretaria da Fazenda. Dia 26\/01\/2023 \u00e0s 9h os representantes estar\u00e3o, em conjunto com Auditores da Receita Estadual, analisando e comentando os INDICADORES ECON\u00d4MICOS do leite. Agende-se e participe pelo canal do<a href=\"https:\/\/www.youtube.com\/channel\/UCVtRDZ8klMGbNcKl5-f6cAQ\" data-cke-saved-href=\"https:\/\/www.youtube.com\/channel\/UCVtRDZ8klMGbNcKl5-f6cAQ\">&nbsp;YouTube da Secretaria da Fazenda<\/a>. Essa \u00e9 uma grande oportunidade para ficar bem atualizado sobre o que vem acontecendo com o nosso setor e discutir alternativas! Os indicadores apresentados na live est\u00e3o dispon\u00edveis na Revista Digital RS 360, na edi\u00e7\u00e3o n\u00ba 03, que pode ser acessada atrav\u00e9s do site Receita.Doc ou<a href=\"https:\/\/receitadoc.sefaz.rs.gov.br\/media\/dbzj5ns1\/index\/index.html\" data-cke-saved-href=\"https:\/\/receitadoc.sefaz.rs.gov.br\/media\/dbzj5ns1\/index\/index.html\">&nbsp;clicando aqui.<\/a>&nbsp;(SEFAZ RS)<\/em><\/p>\n<\/div>\n<div id=\"icpbravoaccess_loaded\" style=\"text-align: justify;\">\n<div id=\"icpbravoaccess_loaded\">\n<hr>\n<\/div>\n<\/div>\n<div id=\"icpbravoaccess_loaded\">&nbsp;<\/div>\n<div id=\"icpbravoaccess_loaded\">&nbsp;<\/div>\n<div id=\"icpbravoaccess_loaded\">&nbsp;<\/div>\n","protected":false},"excerpt":{"rendered":"<p>Porto Alegre, 25 de janeiro de 2023&nbsp; &nbsp; &nbsp; &nbsp; &nbsp; &nbsp; &nbsp; &nbsp; &nbsp; &nbsp; &nbsp; &nbsp; &nbsp; &nbsp; &nbsp; &nbsp; &nbsp; &nbsp; &nbsp; &nbsp; &nbsp; &nbsp; &nbsp; &nbsp; &nbsp; &nbsp; &nbsp; &nbsp; Ano 17 - N\u00b0 3.829 Informativo Conjuntural Emater\/RS &nbsp; BOVINOCULTURA DE LEITE Em diversos munic\u00edpios, onde as \u00e1reas de forrageiras j\u00e1 <a href=\"https:\/\/www.sindilat.com.br\/site\/2023\/01\/25\/25-01-2023\/\" class=\"more-link\">...continuar lendo<span class=\"screen-reader-text\"> \"25\/01\/2023\"<\/span><\/a><\/p>\n","protected":false},"author":2,"featured_media":0,"comment_status":"open","ping_status":"open","sticky":false,"template":"","format":"standard","meta":{"ngg_post_thumbnail":0,"footnotes":""},"categories":[28],"tags":[],"class_list":{"0":"post-11228","1":"post","2":"type-post","3":"status-publish","4":"format-standard","6":"category-newsletter","7":"h-entry","8":"hentry","9":"h-as-article"},"_links":{"self":[{"href":"https:\/\/www.sindilat.com.br\/site\/wp-json\/wp\/v2\/posts\/11228","targetHints":{"allow":["GET"]}}],"collection":[{"href":"https:\/\/www.sindilat.com.br\/site\/wp-json\/wp\/v2\/posts"}],"about":[{"href":"https:\/\/www.sindilat.com.br\/site\/wp-json\/wp\/v2\/types\/post"}],"author":[{"embeddable":true,"href":"https:\/\/www.sindilat.com.br\/site\/wp-json\/wp\/v2\/users\/2"}],"replies":[{"embeddable":true,"href":"https:\/\/www.sindilat.com.br\/site\/wp-json\/wp\/v2\/comments?post=11228"}],"version-history":[{"count":5,"href":"https:\/\/www.sindilat.com.br\/site\/wp-json\/wp\/v2\/posts\/11228\/revisions"}],"predecessor-version":[{"id":11233,"href":"https:\/\/www.sindilat.com.br\/site\/wp-json\/wp\/v2\/posts\/11228\/revisions\/11233"}],"wp:attachment":[{"href":"https:\/\/www.sindilat.com.br\/site\/wp-json\/wp\/v2\/media?parent=11228"}],"wp:term":[{"taxonomy":"category","embeddable":true,"href":"https:\/\/www.sindilat.com.br\/site\/wp-json\/wp\/v2\/categories?post=11228"},{"taxonomy":"post_tag","embeddable":true,"href":"https:\/\/www.sindilat.com.br\/site\/wp-json\/wp\/v2\/tags?post=11228"}],"curies":[{"name":"wp","href":"https:\/\/api.w.org\/{rel}","templated":true}]}}