{"id":110,"date":"2015-02-06T16:20:54","date_gmt":"2015-02-06T16:20:54","guid":{"rendered":"http:\/\/www.sindilat.com.br\/site\/2015\/02\/06\/prazo-para-inscricao-no-cadastro-ambiental-sera-ampliado\/"},"modified":"2015-02-06T16:20:54","modified_gmt":"2015-02-06T16:20:54","slug":"prazo-para-inscricao-no-cadastro-ambiental-sera-ampliado","status":"publish","type":"post","link":"https:\/\/www.sindilat.com.br\/site\/2015\/02\/06\/prazo-para-inscricao-no-cadastro-ambiental-sera-ampliado\/","title":{"rendered":"Prazo para inscri\u00e7\u00e3o no Cadastro Ambiental ser\u00e1 ampliado"},"content":{"rendered":"<p style=\"text-align: justify;\"><span style=\"color: #132630; font-family: verdana; font-size: 12px; line-height: 20px; text-align: justify;\"><img loading=\"lazy\" decoding=\"async\" class=\" alignright size-full wp-image-109\" src=\"http:\/\/www.sindilat.com.br\/site\/wp-content\/uploads\/2015\/02\/3%C2%BAano.jpg\" alt=\"3\u00baano\" style=\"float: right;\" width=\"230\" height=\"190\" \/>O Minist\u00e9rio da Agricultura, Pecu\u00e1ria e Abastecimento (Mapa) afirmou que o prazo para a inscri\u00e7\u00e3o no Cadastro Ambiental Rural (CAR) deve ser estendido por mais um ano. At\u00e9 ent\u00e3o, os produtores tinham at\u00e9 maio para fazer a inscri\u00e7\u00e3o. A ministra da Agricultura, K\u00e1tia Abreu, e a do Meio Ambiente, Izabella Teixeira, se encontram na ter\u00e7a, dia 27, para discutir estrat\u00e9gias conjuntas para tornar mais efetiva a ades\u00e3o ao Cadastro. Em janeiro, segundo dados do minist\u00e9rio da Agricultura, o cadastro alcan\u00e7ou 576 mil im\u00f3veis rurais. Isso representa cerca de 11% da meta de 5,2 milh\u00f5es de propriedades que devem ser registradas no pa\u00eds. Segundo o Minist\u00e9rio da Agricultura, o Cadastro Ambiental Rural \u00e9 um registro eletr\u00f4nico, obrigat\u00f3rio para todos os im\u00f3veis rurais, que tem por finalidade integrar as informa\u00e7\u00f5es ambientais referentes \u00e0 situa\u00e7\u00e3o das \u00c1reas de Preserva\u00e7\u00e3o Permanente (APP), das \u00e1reas de Reserva Legal, das florestas e dos remanescentes de vegeta\u00e7\u00e3o nativa, das \u00c1reas de Uso Restrito e das \u00e1reas consolidadas das propriedades e posses rurais do pa\u00eds. (Canal Rural) &nbsp;<\/span><\/p>\n","protected":false},"excerpt":{"rendered":"<p>O Minist\u00e9rio da Agricultura, Pecu\u00e1ria e Abastecimento (Mapa) afirmou que o prazo para a inscri\u00e7\u00e3o no Cadastro Ambiental Rural (CAR) deve ser estendido por mais um ano. At\u00e9 ent\u00e3o, os produtores tinham at\u00e9 maio para fazer a inscri\u00e7\u00e3o. A ministra da Agricultura, K\u00e1tia Abreu, e a do Meio Ambiente, Izabella Teixeira, se encontram na ter\u00e7a, <a href=\"https:\/\/www.sindilat.com.br\/site\/2015\/02\/06\/prazo-para-inscricao-no-cadastro-ambiental-sera-ampliado\/\" class=\"more-link\">...continuar lendo<span class=\"screen-reader-text\"> \"Prazo para inscri\u00e7\u00e3o no Cadastro Ambiental ser\u00e1 ampliado\"<\/span><\/a><\/p>\n","protected":false},"author":1,"featured_media":109,"comment_status":"open","ping_status":"open","sticky":false,"template":"","format":"standard","meta":{"ngg_post_thumbnail":0,"footnotes":""},"categories":[18],"tags":[],"class_list":{"0":"post-110","1":"post","2":"type-post","3":"status-publish","4":"format-standard","5":"has-post-thumbnail","7":"category-noticias","8":"h-entry","9":"hentry","10":"h-as-article"},"_links":{"self":[{"href":"https:\/\/www.sindilat.com.br\/site\/wp-json\/wp\/v2\/posts\/110","targetHints":{"allow":["GET"]}}],"collection":[{"href":"https:\/\/www.sindilat.com.br\/site\/wp-json\/wp\/v2\/posts"}],"about":[{"href":"https:\/\/www.sindilat.com.br\/site\/wp-json\/wp\/v2\/types\/post"}],"author":[{"embeddable":true,"href":"https:\/\/www.sindilat.com.br\/site\/wp-json\/wp\/v2\/users\/1"}],"replies":[{"embeddable":true,"href":"https:\/\/www.sindilat.com.br\/site\/wp-json\/wp\/v2\/comments?post=110"}],"version-history":[{"count":0,"href":"https:\/\/www.sindilat.com.br\/site\/wp-json\/wp\/v2\/posts\/110\/revisions"}],"wp:featuredmedia":[{"embeddable":true,"href":"https:\/\/www.sindilat.com.br\/site\/wp-json\/wp\/v2\/media\/109"}],"wp:attachment":[{"href":"https:\/\/www.sindilat.com.br\/site\/wp-json\/wp\/v2\/media?parent=110"}],"wp:term":[{"taxonomy":"category","embeddable":true,"href":"https:\/\/www.sindilat.com.br\/site\/wp-json\/wp\/v2\/categories?post=110"},{"taxonomy":"post_tag","embeddable":true,"href":"https:\/\/www.sindilat.com.br\/site\/wp-json\/wp\/v2\/tags?post=110"}],"curies":[{"name":"wp","href":"https:\/\/api.w.org\/{rel}","templated":true}]}}