{"id":105,"date":"2015-02-06T13:38:33","date_gmt":"2015-02-06T13:38:33","guid":{"rendered":"http:\/\/www.sindilat.com.br\/site\/2015\/02\/06\/frente-parlamentar-estuda-proposta-para-setor-leiteiro\/"},"modified":"2015-02-06T13:38:33","modified_gmt":"2015-02-06T13:38:33","slug":"frente-parlamentar-estuda-proposta-para-setor-leiteiro","status":"publish","type":"post","link":"https:\/\/www.sindilat.com.br\/site\/2015\/02\/06\/frente-parlamentar-estuda-proposta-para-setor-leiteiro\/","title":{"rendered":"Frente parlamentar estuda proposta para setor leiteiro"},"content":{"rendered":"<p style=\"text-align: justify;\"><span style=\"color: #132630; font-family: verdana; font-size: 12px; line-height: 20px; text-align: justify;\"><img loading=\"lazy\" decoding=\"async\" class=\" alignright size-full wp-image-104\" src=\"http:\/\/www.sindilat.com.br\/site\/wp-content\/uploads\/2015\/02\/ELTON.jpg\" alt=\"ELTON\" style=\"float: right;\" width=\"348\" height=\"232\" srcset=\"https:\/\/www.sindilat.com.br\/site\/wp-content\/uploads\/2015\/02\/ELTON.jpg 480w, https:\/\/www.sindilat.com.br\/site\/wp-content\/uploads\/2015\/02\/ELTON-300x200.jpg 300w\" sizes=\"auto, (max-width: 348px) 100vw, 348px\" \/>Objetivo do grupo \u00e9 ampliar o debate sobre a crise enfrentada por produtores de leite e ind\u00fastrias do segmento no Rio Grande do Sul Rio Grande do Sul, destacou a crise enfrentada pelo setor leiteiro ga\u00facho como um dos assuntos a ser debatido nesta legislatura. Ao lan\u00e7ar a Frente Parlamentar em Defesa da Cadeia Produtiva do Leite, Weber prop\u00f4s a composi\u00e7\u00e3o de um grupo para avaliar a situa\u00e7\u00e3o e sugerir alternativas. \u201cOs pre\u00e7os pagos est\u00e3o reduzindo, h\u00e1 excesso de leite em p\u00f3 no Estado e ind\u00fastrias decretaram fal\u00eancias. Fora isso, h\u00e1 produtores que n\u00e3o est\u00e3o conseguindo entregar leite para os latic\u00ednios\u201d, dimensionou. &nbsp; <!--more--> <\/span><\/p>\n<p style=\"text-align: justify;\"><span style=\"color: #132630; font-family: verdana; font-size: 12px; line-height: 20px; text-align: justify;\">No Rio Grande do Sul, os pre\u00e7os est\u00e3o abaixo da m\u00e9dia nacional, de R$ 0,84, sendo comercializados por R$ 0,70 a R$ 0,76 chegando at\u00e9 a patamares inferiores, pr\u00f3ximos de R$ 0,50 \u2013 uma das raz\u00f5es \u00e9 o excesso de leite no Estado. Com cerca de 15 ades\u00f5es, embora n\u00e3o seja necess\u00e1rio cumprir um n\u00famero m\u00ednimo de participantes, a Frente deve se voltar para a quest\u00e3o do valor, acompanhando o direcionamento do poder p\u00fablico estadual e das entidades representativas do setor, que pleiteiam junto \u00e0 Companhia Nacional de Abastecimento (Conab) a compra de leite em p\u00f3. \u201cNa semana que vem devemos estar em Bras\u00edlia com demais entidades do setor, solicitando a compra de leite em p\u00f3 em volume substancial\u201d \u2013 a inten\u00e7\u00e3o \u00e9 chegar a 10 mil toneladas. Tamb\u00e9m na pr\u00f3xima semana, Weber pretende realizar a primeira reuni\u00e3o da Frente para avaliar poss\u00edveis propostas para minimizar os efeitos da crise. O parlamentar j\u00e1 adianta, no entanto, que os debates devem abranger, tamb\u00e9m, a quest\u00e3o dos intermedi\u00e1rios do setor e a pr\u00e1tica das ind\u00fastrias nesse momento considerado como cr\u00edtico, principalmente, pelos produtores. \u201cTemos confirma\u00e7\u00e3o de que em alguns lugares h\u00e1 ind\u00fastrias se recusando a recolher leite do pequeno produtor. E sabemos que existem ind\u00fastrias do setor l\u00e1cteo com cr\u00e9dito presumido e empr\u00e9stimos, mas entendemos que empresas que se recusam a trabalhar com o pequeno produtor n\u00e3o podem ter isen\u00e7\u00e3o de impostos\u201d, argumenta Weber, salientando que \u00e9 poss\u00edvel limitar esse tipo de atua\u00e7\u00e3o com leis a serem elaboradas pelos parlamentares. \u201cN\u00e3o existe nenhuma proposta pronta, nosso primeiro objetivo \u00e9 debater o tema e ouvir as sugest\u00f5es de todos.\u201d (Jornal do Com\u00e9rcio)&nbsp;<\/span><\/p>\n","protected":false},"excerpt":{"rendered":"<p>Objetivo do grupo \u00e9 ampliar o debate sobre a crise enfrentada por produtores de leite e ind\u00fastrias do segmento no Rio Grande do Sul Rio Grande do Sul, destacou a crise enfrentada pelo setor leiteiro ga\u00facho como um dos assuntos a ser debatido nesta legislatura. Ao lan\u00e7ar a Frente Parlamentar em Defesa da Cadeia Produtiva <a href=\"https:\/\/www.sindilat.com.br\/site\/2015\/02\/06\/frente-parlamentar-estuda-proposta-para-setor-leiteiro\/\" class=\"more-link\">...continuar lendo<span class=\"screen-reader-text\"> \"Frente parlamentar estuda proposta para setor leiteiro\"<\/span><\/a><\/p>\n","protected":false},"author":1,"featured_media":104,"comment_status":"open","ping_status":"open","sticky":false,"template":"","format":"standard","meta":{"ngg_post_thumbnail":0,"footnotes":""},"categories":[18],"tags":[],"class_list":{"0":"post-105","1":"post","2":"type-post","3":"status-publish","4":"format-standard","5":"has-post-thumbnail","7":"category-noticias","8":"h-entry","9":"hentry","10":"h-as-article"},"_links":{"self":[{"href":"https:\/\/www.sindilat.com.br\/site\/wp-json\/wp\/v2\/posts\/105","targetHints":{"allow":["GET"]}}],"collection":[{"href":"https:\/\/www.sindilat.com.br\/site\/wp-json\/wp\/v2\/posts"}],"about":[{"href":"https:\/\/www.sindilat.com.br\/site\/wp-json\/wp\/v2\/types\/post"}],"author":[{"embeddable":true,"href":"https:\/\/www.sindilat.com.br\/site\/wp-json\/wp\/v2\/users\/1"}],"replies":[{"embeddable":true,"href":"https:\/\/www.sindilat.com.br\/site\/wp-json\/wp\/v2\/comments?post=105"}],"version-history":[{"count":0,"href":"https:\/\/www.sindilat.com.br\/site\/wp-json\/wp\/v2\/posts\/105\/revisions"}],"wp:featuredmedia":[{"embeddable":true,"href":"https:\/\/www.sindilat.com.br\/site\/wp-json\/wp\/v2\/media\/104"}],"wp:attachment":[{"href":"https:\/\/www.sindilat.com.br\/site\/wp-json\/wp\/v2\/media?parent=105"}],"wp:term":[{"taxonomy":"category","embeddable":true,"href":"https:\/\/www.sindilat.com.br\/site\/wp-json\/wp\/v2\/categories?post=105"},{"taxonomy":"post_tag","embeddable":true,"href":"https:\/\/www.sindilat.com.br\/site\/wp-json\/wp\/v2\/tags?post=105"}],"curies":[{"name":"wp","href":"https:\/\/api.w.org\/{rel}","templated":true}]}}