{"id":10452,"date":"2022-10-27T22:23:11","date_gmt":"2022-10-27T22:23:11","guid":{"rendered":"https:\/\/www.sindilat.com.br\/site\/?p=10452"},"modified":"2022-10-27T22:43:58","modified_gmt":"2022-10-27T22:43:58","slug":"eduardo-leite-sinaliza-compromisso-com-producao-de-leite","status":"publish","type":"post","link":"https:\/\/www.sindilat.com.br\/site\/2022\/10\/27\/eduardo-leite-sinaliza-compromisso-com-producao-de-leite\/","title":{"rendered":"Eduardo Leite sinaliza compromisso com produ\u00e7\u00e3o de leite"},"content":{"rendered":"<p>Atento \u00e0 situa\u00e7\u00e3o do setor l\u00e1cteo ga\u00facho, o candidato a governador do Estado, Eduardo Leite (PSDB), esteve reunido, nesta quarta-feira (26\/10), com associados e a diretoria do Sindilat na sede de seu comit\u00ea em Porto Alegre (RS). Recebendo lideran\u00e7as de ind\u00fastrias que representam 85% da produ\u00e7\u00e3o de latic\u00ednios do RS, ele refor\u00e7ou seu apoio e aten\u00e7\u00e3o ao segmento, que gera renda em 451 dos 497 munic\u00edpios ga\u00fachos.&nbsp; Durante o encontro, os empres\u00e1rios apresentaram sugest\u00f5es e projetos a serem estudados para favorecer a competitividade do RS. No topo da agenda, est\u00e1 a necessidade de revis\u00e3o do Fator de Ajuste de Frui\u00e7\u00e3o (FAF), a fim de diminuir a perda de competitividade do leite UHT, queijos e demais derivados. \u201cEstou comprometido em buscar alternativas e recebo as demandas do setor com a consci\u00eancia de todos os impactos que gera na cadeia produtiva, no consumo e no conjunto da economia. Contem comigo para analisarmos as a\u00e7\u00f5es necess\u00e1rias para os desafios apresentados\u201d, afian\u00e7ou Eduardo.<\/p>\n<div>\n<p>Acompanhado pelos associados, o presidente do Sindilat, Guilherme Portella, detalhou a\u00e7\u00f5es e medidas que podem auxiliar na amplia\u00e7\u00e3o do consumo de leite, na melhoria do mercado e de toda a cadeia produtiva e colocou o setor \u00e0 disposi\u00e7\u00e3o para construir uma agenda positiva de crescimento econ\u00f4mico para o Estado. Entre as sugest\u00f5es est\u00e3o o incentivo por parte do Governo Estadual de pol\u00edticas p\u00fablicas para a produ\u00e7\u00e3o de insumos em solo ga\u00facho e para a cria\u00e7\u00e3o de programa de aquisi\u00e7\u00e3o de leite a fim de atender a escolas e promover complementa\u00e7\u00e3o alimentar nos programas de Assist\u00eancia Social. Lideran\u00e7as ainda pediram a amplia\u00e7\u00e3o da rede trif\u00e1sica de energia no atendimento ao setor leiteiro, a melhoria de acesso \u00e0 internet e \u00e0 irriga\u00e7\u00e3o. Ainda foi citada a cria\u00e7\u00e3o de um programa junto \u00e0s empresas para aumentar a capta\u00e7\u00e3o de leite no Rio Grande do Sul e fixar as fam\u00edlias no campo.<\/p>\n<p>Outra demanda apresentada ao candidato foi para que a ado\u00e7\u00e3o de certifica\u00e7\u00e3o de propriedades rurais livres de tuberculose se torne um programa de Estado. Lideran\u00e7as da ind\u00fastria de latic\u00ednios ainda pediram que, se eleito, nos primeiros dias do governo, Leite crie espa\u00e7o para dialogar com o setor e receber suas prioridades. \u201cAgradecemos a acolhida das nossas demandas que s\u00e3o parte do que o setor precisa para trabalhar e produzir mais, com qualidade e competitividade, buscando consolidar um ambiente mais favor\u00e1vel e est\u00e1vel para a produ\u00e7\u00e3o\u201d, destacou Portella ao final&nbsp;do&nbsp;encontro.<\/p>\n<div>&nbsp;<\/div>\n<div>\n<div id='gallery-1' class='gallery galleryid-10452 gallery-columns-3 gallery-size-thumbnail'><figure class='gallery-item'>\n\t\t\t<div class='gallery-icon landscape'>\n\t\t\t\t<a href='https:\/\/www.sindilat.com.br\/site\/wp-content\/uploads\/2022\/10\/Eduardo-Leite-sinaliza-compromisso-com-producao-de-leite-2-scaled.jpg'><img loading=\"lazy\" decoding=\"async\" width=\"150\" height=\"150\" src=\"https:\/\/www.sindilat.com.br\/site\/wp-content\/uploads\/2022\/10\/Eduardo-Leite-sinaliza-compromisso-com-producao-de-leite-2-150x150.jpg\" class=\"attachment-thumbnail size-thumbnail\" alt=\"\" \/><\/a>\n\t\t\t<\/div><\/figure><figure class='gallery-item'>\n\t\t\t<div class='gallery-icon landscape'>\n\t\t\t\t<a href='https:\/\/www.sindilat.com.br\/site\/wp-content\/uploads\/2022\/10\/Eduardo-Leite-sinaliza-compromisso-com-producao-de-leite-1-scaled.jpg'><img loading=\"lazy\" decoding=\"async\" width=\"150\" height=\"150\" src=\"https:\/\/www.sindilat.com.br\/site\/wp-content\/uploads\/2022\/10\/Eduardo-Leite-sinaliza-compromisso-com-producao-de-leite-1-150x150.jpg\" class=\"attachment-thumbnail size-thumbnail\" alt=\"\" \/><\/a>\n\t\t\t<\/div><\/figure><figure class='gallery-item'>\n\t\t\t<div class='gallery-icon landscape'>\n\t\t\t\t<a href='https:\/\/www.sindilat.com.br\/site\/wp-content\/uploads\/2022\/10\/Eduardo-Leite-sinaliza-compromisso-com-producao-de-leite-scaled.jpg'><img loading=\"lazy\" decoding=\"async\" width=\"150\" height=\"150\" src=\"https:\/\/www.sindilat.com.br\/site\/wp-content\/uploads\/2022\/10\/Eduardo-Leite-sinaliza-compromisso-com-producao-de-leite-150x150.jpg\" class=\"attachment-thumbnail size-thumbnail\" alt=\"\" \/><\/a>\n\t\t\t<\/div><\/figure>\n\t\t<\/div>\n\n<p><strong>Fotos: Gisele Ortolan<\/strong><\/p>\n<\/div>\n<\/div>\n","protected":false},"excerpt":{"rendered":"<p>Atento \u00e0 situa\u00e7\u00e3o do setor l\u00e1cteo ga\u00facho, o candidato a governador do Estado, Eduardo Leite (PSDB), esteve reunido, nesta quarta-feira (26\/10), com associados e a diretoria do Sindilat na sede de seu comit\u00ea em Porto Alegre (RS). Recebendo lideran\u00e7as de ind\u00fastrias que representam 85% da produ\u00e7\u00e3o de latic\u00ednios do RS, ele refor\u00e7ou seu apoio e <a href=\"https:\/\/www.sindilat.com.br\/site\/2022\/10\/27\/eduardo-leite-sinaliza-compromisso-com-producao-de-leite\/\" class=\"more-link\">...continuar lendo<span class=\"screen-reader-text\"> \"Eduardo Leite sinaliza compromisso com produ\u00e7\u00e3o de leite\"<\/span><\/a><\/p>\n","protected":false},"author":3,"featured_media":10454,"comment_status":"open","ping_status":"open","sticky":false,"template":"","format":"standard","meta":{"ngg_post_thumbnail":0,"footnotes":""},"categories":[18,31],"tags":[],"class_list":{"0":"post-10452","1":"post","2":"type-post","3":"status-publish","4":"format-standard","5":"has-post-thumbnail","7":"category-noticias","8":"category-noticias-sindilat-tv","9":"h-entry","10":"hentry","11":"h-as-article"},"_links":{"self":[{"href":"https:\/\/www.sindilat.com.br\/site\/wp-json\/wp\/v2\/posts\/10452","targetHints":{"allow":["GET"]}}],"collection":[{"href":"https:\/\/www.sindilat.com.br\/site\/wp-json\/wp\/v2\/posts"}],"about":[{"href":"https:\/\/www.sindilat.com.br\/site\/wp-json\/wp\/v2\/types\/post"}],"author":[{"embeddable":true,"href":"https:\/\/www.sindilat.com.br\/site\/wp-json\/wp\/v2\/users\/3"}],"replies":[{"embeddable":true,"href":"https:\/\/www.sindilat.com.br\/site\/wp-json\/wp\/v2\/comments?post=10452"}],"version-history":[{"count":5,"href":"https:\/\/www.sindilat.com.br\/site\/wp-json\/wp\/v2\/posts\/10452\/revisions"}],"predecessor-version":[{"id":10460,"href":"https:\/\/www.sindilat.com.br\/site\/wp-json\/wp\/v2\/posts\/10452\/revisions\/10460"}],"wp:featuredmedia":[{"embeddable":true,"href":"https:\/\/www.sindilat.com.br\/site\/wp-json\/wp\/v2\/media\/10454"}],"wp:attachment":[{"href":"https:\/\/www.sindilat.com.br\/site\/wp-json\/wp\/v2\/media?parent=10452"}],"wp:term":[{"taxonomy":"category","embeddable":true,"href":"https:\/\/www.sindilat.com.br\/site\/wp-json\/wp\/v2\/categories?post=10452"},{"taxonomy":"post_tag","embeddable":true,"href":"https:\/\/www.sindilat.com.br\/site\/wp-json\/wp\/v2\/tags?post=10452"}],"curies":[{"name":"wp","href":"https:\/\/api.w.org\/{rel}","templated":true}]}}