{"id":10443,"date":"2022-10-27T20:04:30","date_gmt":"2022-10-27T20:04:30","guid":{"rendered":"https:\/\/www.sindilat.com.br\/site\/?p=10443"},"modified":"2022-10-27T20:16:17","modified_gmt":"2022-10-27T20:16:17","slug":"27-10-2022","status":"publish","type":"post","link":"https:\/\/www.sindilat.com.br\/site\/2022\/10\/27\/27-10-2022\/","title":{"rendered":"27\/10\/2022"},"content":{"rendered":"<p><img loading=\"lazy\" decoding=\"async\" class=\"\" style=\"text-align: justify; font-size: 1rem;\" src=\"https:\/\/dl.dnzdns.com\/v\/uuURf8ABF0257\" alt=\"Newsletter Sindilat_RS\" width=\"1159\" height=\"207\"><\/p>\n<div id=\"icpbravoaccess_loaded\">\n<div id=\"icpbravoaccess_loaded\">\n<div id=\"icpbravoaccess_loaded\">\n<p style=\"text-align: justify;\">Porto Alegre, 27 de outubro de 2022&nbsp; &nbsp; &nbsp; &nbsp; &nbsp; &nbsp; &nbsp; &nbsp; &nbsp; &nbsp; &nbsp; &nbsp; &nbsp; &nbsp; &nbsp; &nbsp; &nbsp; &nbsp; &nbsp; &nbsp; &nbsp; &nbsp; &nbsp; &nbsp; &nbsp; &nbsp; &nbsp; Ano 16 - N\u00b0 3.771<\/p>\n<hr>\n<\/div>\n<\/div>\n<\/div>\n<p style=\"text-align: justify;\"><b>Conseleite\/SC<br \/>\n<\/b><br \/>\nA diretoria do Conseleite Santa Catarina reunida no dia 26 de Outubro de 2022 atendendo os dispositivos disciplinados no artigo 15 do seu Estatuto, inciso I, aprova e divulga os valores de refer\u00eancia da mat\u00e9ria-prima leite, realizados no m\u00eas de Setembro de 2022 e a proje\u00e7\u00e3o dos valores de refer\u00eancia para o m\u00eas de Outubro de 2022. Os valores divulgados compreendem os pre\u00e7os de refer\u00eancia para o leite padr\u00e3o, bem como o maior e menor valor de refer\u00eancia, de acordo com os par\u00e2metros de \u00e1gio e des\u00e1gio em rela\u00e7\u00e3o ao Leite Padr\u00e3o, calculados segundo metodologia definida pelo Conseleite-Santa Catarina.&nbsp;<\/p>\n<p><img decoding=\"async\" src=\"https:\/\/dl.dnzdns.com\/v\/cACH98ABF0284\" alt=\"\" data-cke-saved-src=\"https:\/\/dl.dnzdns.com\/v\/cACH98ABF0284\"><\/p>\n<p>Per\u00edodos de apura\u00e7\u00e3o<br \/>\nM\u00eas de Setembro\/2022: De 29\/08\/2022 a 02\/10\/2022<br \/>\nParcial Outubro\/2022: De 03\/10\/2022 a 23\/10\/2022<\/p>\n<p>O leite padr\u00e3o \u00e9 aquele que cont\u00e9m entre 3,50 e 3,59% de gordura, entre 3,11 e 3,15% de prote\u00edna, entre 450 e 499 mil c\u00e9lulas som\u00e1ticas\/ml e 251 a 300 mil ufc\/ml de contagem bacteriana e volume individual entregue de at\u00e9 50 litros\/dia. O Conseleite Santa Catarina n\u00e3o precifica leites com qualidades inferiores ao leite abaixo do padr\u00e3o. (Conseleite\/SC)<\/p>\n<div id=\"icpbravoaccess_loaded\" style=\"text-align: justify;\">\n<hr>\n<\/div>\n<div style=\"text-align: justify;\"><b>Conseleite\/RS se re\u00fane nesta sexta-feira<br \/>\n<\/b><br \/>\nFicou para amanh\u00e3 a valida\u00e7\u00e3o do pre\u00e7o de refer\u00eancia do leite ao produtor ga\u00facho. A reuni\u00e3o do Conseleite foi remarcada para que se possa tratar de temas levantados na pauta. Como a solicita\u00e7\u00e3o para uso de recursos do Fundoleite para pagar a entidade que apura os dados que embasam o c\u00e1lculo do valor.- \u00c9 uma demanda que tem recebido nossa aten\u00e7\u00e3o. Estamos em uma constru\u00e7\u00e3o coletiva para ver como ser\u00e1 feito - explica o secret\u00e1rio estadual da Agricultura, Domingos Velho Lopes, que ontem se reuniu com representantes do setor.<\/p>\n<p>Um deles, o coordenador do Conseleite, Eug\u00eanio Zanetti, que saiu satisfeito com a not\u00edcia de que outros projetos encaminhados ao Fundoleite est\u00e3o perto da execu\u00e7\u00e3o. S\u00e3o 10 propostas com aval do Conselho Deliberativo do fundo j\u00e1 encaminhados ao departamento financeiro, para que possa ser feita a contrata\u00e7\u00e3o. Uma 11\u00aa teve pedido de complementa\u00e7\u00e3o. O processo faz parte dos tr\u00e2mites para a libera\u00e7\u00e3o de recursos do fundo, provenientes de valores recolhidos por litro de leite.<\/p>\n<p>Para o acesso, \u00e9 preciso passar pelo crivo do conselho, presidido pela Secretaria da Agricultura. \u00c0 frente da pasta desde abril, Domingos explica que essa tramita\u00e7\u00e3o vinha sendo detalhada para o setor em reuni\u00f5es. E que, inclusive, foram feitos ajustes de metodologia a pedido do segmento. As modifica\u00e7\u00f5es, acrescenta, exigiram que as propostas fossem reavaliadas pelo conselho.<\/p>\n<p>Presidente do Sindilat-RS, Guilherme Portella pontua que as propostas representam investimentos no campo, que ajudar\u00e3o a diminuir o custo. (Zero Hora)<\/p>\n<p><b>Seapdr prorroga prazo para declara\u00e7\u00e3o anual do rebanho at\u00e9 11 de novembro<br \/>\n<\/b>&nbsp;<br \/>\nA Secretaria da Agricultura, Pecu\u00e1ria e Desenvolvimento Rural (Seapdr) prorrogou, at\u00e9 11 de novembro, o prazo para que produtores rurais ga\u00fachos fa\u00e7am a Declara\u00e7\u00e3o Anual de Rebanho, que \u00e9 obrigat\u00f3ria. Inicialmente, a atualiza\u00e7\u00e3o do invent\u00e1rio animal estava programada para se encerrar em 31 de outubro. At\u00e9 o momento, a Seapdr recebeu mais de 60% das declara\u00e7\u00f5es previstas, dentro de um universo total de 380 mil propriedades rurais.<br \/>\n&nbsp;<br \/>\nA diretora do Departamento de Vigil\u00e2ncia e Defesa Sanit\u00e1ria Animal da Seapdr, Rosane Collares, explica que houve uma avalia\u00e7\u00e3o t\u00e9cnica para se chegar \u00e0 decis\u00e3o sobre o alongamento do prazo, uma vez que no in\u00edcio do per\u00edodo proposto para as declara\u00e7\u00f5es, em junho, ocorreu uma instabilidade no sistema de preenchimentos dos dados.<br \/>\n&nbsp;<br \/>\nNos pr\u00f3ximos dias dispon\u00edveis para a atualiza\u00e7\u00e3o do invent\u00e1rio do rebanho a Secretaria da Agricultura espera um incremento da procura por parte dos produtores. \u201cLembramos que a declara\u00e7\u00e3o \u00e9 um compromisso que o produtor rural tem junto ao Servi\u00e7o Veterin\u00e1rio Oficial, estabelecido em legisla\u00e7\u00e3o\u201d, pontua Rosane.<br \/>\n&nbsp;<br \/>\nA partir desse ano, a atualiza\u00e7\u00e3o de rebanho est\u00e1 mais completa, com informa\u00e7\u00f5es mais detalhadas sobre a propriedade rural e os sistemas de produ\u00e7\u00e3o animal, o que torna a declara\u00e7\u00e3o mais extensa.<br \/>\n&nbsp;<br \/>\n<u>Como fazer<\/u><br \/>\nEste ano, os formul\u00e1rios est\u00e3o dispon\u00edveis no link&nbsp;<a href=\"http:\/\/www.agricultura.rs.gov.br\/declaracao\" data-cke-saved-href=\"http:\/\/www.agricultura.rs.gov.br\/declaracao\">www.agricultura.rs.gov.br\/declaracao<\/a>&nbsp;e podem ser entregues de duas formas.<br \/>\n&nbsp;<br \/>\nNa primeira, o produtor comparece \u00e0 Inspetoria ou Escrit\u00f3rio de Defesa Agropecu\u00e1ria de refer\u00eancia e informa verbalmente os dados a serem lan\u00e7ados. Com a op\u00e7\u00e3o de gera\u00e7\u00e3o de senha do Produtor Online, ele assina digitalmente a declara\u00e7\u00e3o.<br \/>\n&nbsp;<br \/>\nNa segunda op\u00e7\u00e3o, o produtor baixa os formul\u00e1rios no site da Seapdr, preenche e os entrega na IDA ou EDA do seu munic\u00edpio.<br \/>\n&nbsp;<br \/>\nA expectativa \u00e9 que, no pr\u00f3ximo ano, os produtores possam fazer a declara\u00e7\u00e3o online, diretamente pelo Sistema de Defesa Agropecu\u00e1ria (SDA). (SEAPDR)<\/p>\n<\/div>\n<div style=\"text-align: justify;\"><b><\/b>&nbsp;<\/div>\n<div id=\"icpbravoaccess_loaded\" style=\"text-align: justify;\">\n<hr>\n<div id=\"icpbravoaccess_loaded\" style=\"text-align: justify;\">\n<div id=\"icpbravoaccess_loaded\">\n<div style=\"text-align: justify;\">\n<p style=\"text-align: center;\"><i style=\"font-size: 1rem;\"><b>Jogo R\u00e1pido&nbsp;<\/b><\/i><\/p>\n<\/div>\n<\/div>\n<\/div>\n<\/div>\n<div style=\"text-align: center;\"><i><b>Combust\u00edveis&nbsp;<\/b><br \/>\nA Petrobras vende gasolina nas refinarias abaixo do Pre\u00e7o de Paridade de Importa\u00e7\u00e3o (PPI) h\u00e1 seis semanas e o diesel h\u00e1 quatro, aponta o Centro Brasileiro de Infraestrutura (CBIE). Ontem, a gasolina da estatal estava 12,27% ou R$ 0,46 por litro mais barata que os pre\u00e7os internacionais. O diesel segue 14,13% ou R$ 0,80 por litro abaixo do PPI. (Jornal do Com\u00e9rcio)<\/i><\/div>\n<div id=\"icpbravoaccess_loaded\" style=\"text-align: justify;\">\n<div id=\"icpbravoaccess_loaded\">\n<hr>\n<\/div>\n<\/div>\n<div id=\"icpbravoaccess_loaded\">&nbsp;<\/div>\n<div id=\"icpbravoaccess_loaded\">&nbsp;<\/div>\n","protected":false},"excerpt":{"rendered":"<p>Porto Alegre, 27 de outubro de 2022&nbsp; &nbsp; &nbsp; &nbsp; &nbsp; &nbsp; &nbsp; &nbsp; &nbsp; &nbsp; &nbsp; &nbsp; &nbsp; &nbsp; &nbsp; &nbsp; &nbsp; &nbsp; &nbsp; &nbsp; &nbsp; &nbsp; &nbsp; &nbsp; &nbsp; &nbsp; &nbsp; Ano 16 - N\u00b0 3.771 Conseleite\/SC A diretoria do Conseleite Santa Catarina reunida no dia 26 de Outubro de 2022 atendendo os <a href=\"https:\/\/www.sindilat.com.br\/site\/2022\/10\/27\/27-10-2022\/\" class=\"more-link\">...continuar lendo<span class=\"screen-reader-text\"> \"27\/10\/2022\"<\/span><\/a><\/p>\n","protected":false},"author":2,"featured_media":0,"comment_status":"open","ping_status":"open","sticky":false,"template":"","format":"standard","meta":{"ngg_post_thumbnail":0,"footnotes":""},"categories":[28],"tags":[],"class_list":{"0":"post-10443","1":"post","2":"type-post","3":"status-publish","4":"format-standard","6":"category-newsletter","7":"h-entry","8":"hentry","9":"h-as-article"},"_links":{"self":[{"href":"https:\/\/www.sindilat.com.br\/site\/wp-json\/wp\/v2\/posts\/10443","targetHints":{"allow":["GET"]}}],"collection":[{"href":"https:\/\/www.sindilat.com.br\/site\/wp-json\/wp\/v2\/posts"}],"about":[{"href":"https:\/\/www.sindilat.com.br\/site\/wp-json\/wp\/v2\/types\/post"}],"author":[{"embeddable":true,"href":"https:\/\/www.sindilat.com.br\/site\/wp-json\/wp\/v2\/users\/2"}],"replies":[{"embeddable":true,"href":"https:\/\/www.sindilat.com.br\/site\/wp-json\/wp\/v2\/comments?post=10443"}],"version-history":[{"count":4,"href":"https:\/\/www.sindilat.com.br\/site\/wp-json\/wp\/v2\/posts\/10443\/revisions"}],"predecessor-version":[{"id":10445,"href":"https:\/\/www.sindilat.com.br\/site\/wp-json\/wp\/v2\/posts\/10443\/revisions\/10445"}],"wp:attachment":[{"href":"https:\/\/www.sindilat.com.br\/site\/wp-json\/wp\/v2\/media?parent=10443"}],"wp:term":[{"taxonomy":"category","embeddable":true,"href":"https:\/\/www.sindilat.com.br\/site\/wp-json\/wp\/v2\/categories?post=10443"},{"taxonomy":"post_tag","embeddable":true,"href":"https:\/\/www.sindilat.com.br\/site\/wp-json\/wp\/v2\/tags?post=10443"}],"curies":[{"name":"wp","href":"https:\/\/api.w.org\/{rel}","templated":true}]}}