{"id":10288,"date":"2022-09-19T18:08:24","date_gmt":"2022-09-19T18:08:24","guid":{"rendered":"https:\/\/www.sindilat.com.br\/site\/?p=10288"},"modified":"2022-09-19T18:08:24","modified_gmt":"2022-09-19T18:08:24","slug":"19-09-2022","status":"publish","type":"post","link":"https:\/\/www.sindilat.com.br\/site\/2022\/09\/19\/19-09-2022\/","title":{"rendered":"19\/09\/2022"},"content":{"rendered":"<div id=\"icpbravoaccess_loaded\">\n<div id=\"icpbravoaccess_loaded\">\n<figure class=\"wp-block-image\" style=\"text-align: justify;\"><img loading=\"lazy\" decoding=\"async\" class=\"\" src=\"https:\/\/dl.dnzdns.com\/v\/uuURf8ABF0257\" alt=\"Newsletter Sindilat_RS\" width=\"1159\" height=\"207\"><\/figure>\n<p style=\"text-align: justify;\">Porto Alegre, 19 de setembro de 2022&nbsp; &nbsp; &nbsp; &nbsp; &nbsp; &nbsp; &nbsp; &nbsp; &nbsp; &nbsp; &nbsp; &nbsp; &nbsp; &nbsp; &nbsp; &nbsp; &nbsp; &nbsp; &nbsp; &nbsp; &nbsp; &nbsp; &nbsp; &nbsp; &nbsp; &nbsp;Ano 16 - N\u00b0 3.745<\/p>\n<hr>\n<\/div>\n<\/div>\n<p style=\"text-align: justify;\"><b>Inscri\u00e7\u00f5es para o 2\u00ba Pr\u00eamio Refer\u00eancia Leiteira abrem na quarta-feira<br \/>\n<\/b>&nbsp;<br \/>\nProdutores de leite do Rio Grande do Sul poder\u00e3o inscrever suas propriedades no 2\u00ba Pr\u00eamio Refer\u00eancia Leiteira RS a partir desta quarta-feira (21\/9). A premia\u00e7\u00e3o, que ter\u00e1 categorias in\u00e9ditas e duas etapas de inscri\u00e7\u00e3o, \u00e9 realizada pelo Sindicato das Ind\u00fastrias de Latic\u00ednios do RS (Sindilat), pela Associa\u00e7\u00e3o Riograndense de Empreendimentos de Assist\u00eancia T\u00e9cnica e Extens\u00e3o Rural (Emater\/RS) e pela Secretaria da Agricultura, Pecu\u00e1ria e Desenvolvimento Rural (SEAPDR).<br \/>\n&nbsp;<br \/>\nOs primeiros a se inscrever ser\u00e3o os produtores de leite que desejarem concorrer \u00e0 premia\u00e7\u00e3o de \u201cPropriedade Refer\u00eancia em Produ\u00e7\u00e3o de Leite\u201d, que, diferente da edi\u00e7\u00e3o anterior, ser\u00e1 separada em duas categorias diferentes: os que produzem em sistemas \u00e0 base de pasto com suplementa\u00e7\u00e3o e os que produzem em sistemas de semiconfinamento ou confinamento. O per\u00edodo ser\u00e1 de 21 de setembro a 31 de outubro. Acesse o regulamento e a ficha de inscri\u00e7\u00e3o pelo site do Sindilat. [hiperlink]. A exemplo dos anos anteriores, a inscri\u00e7\u00e3o ser\u00e1 realizada nos escrit\u00f3rios municipais da Emater\/RS.<br \/>\n&nbsp;<br \/>\nEm mar\u00e7o de 2023, abrem as inscri\u00e7\u00f5es para concorrer nas novas categorias: \u201cInova\u00e7\u00e3o\u201d, \u201cSustentabilidade Ambiental\u201d, \u201cBem-estar Animal\u201d, \u201cProtagonismo Feminino\u201d, \u201cSucess\u00e3o Familiar\u201d e \u201cGest\u00e3o da Atividade Leiteira\u201d.<br \/>\n&nbsp;<br \/>\nA premia\u00e7\u00e3o busca reconhecer e valorizar o trabalho dos produtores de leite. O secret\u00e1rio-executivo do Sindilat, Darlan Palharini, explica que o pr\u00eamio \u00e9 tamb\u00e9m uma forma de incentivar as boas pr\u00e1ticas no setor. \u201cEsse pr\u00eamio \u00e9 um reconhecimento pelo esfor\u00e7o daqueles que cumprem o seu papel com qualidade, cuidado e dedica\u00e7\u00e3o\u201d, afirma.<br \/>\n&nbsp;<br \/>\nPoder\u00e3o se inscrever produtores do Rio Grande do Sul com produ\u00e7\u00e3o individual ou coletiva,&nbsp; desde que estejam vinculados \u00e0 ind\u00fastria de latic\u00ednios que adquira leite no Estado. Cada vencedor ser\u00e1 premiado com um trof\u00e9u e um notebook Positivo. A divulga\u00e7\u00e3o dos resultados e a entrega dos pr\u00eamios ocorrer\u00e3o durante a Expointer 2023.&nbsp;<br \/>\n&nbsp;<br \/>\nPara maiores informa\u00e7\u00f5es,&nbsp;<a href=\"https:\/\/www.sindilat.com.br\/site\/2022\/09\/15\/2-premio-referencia-leiteira-rs\/\" data-cke-saved-href=\"https:\/\/www.sindilat.com.br\/site\/2022\/09\/15\/2-premio-referencia-leiteira-rs\/\">CLIQUE AQUI.<\/a>(Assessoria de Imprensa Sindilat)<\/p>\n<hr>\n<div style=\"text-align: justify;\">\n<p style=\"text-align: justify;\"><b>Aprendizagem cai em todas as s\u00e9ries<\/p>\n<p><\/b>Os estudantes brasileiros de 10 anos de escolas p\u00fablicas e particulares voltaram \u00e0 aprendizagem em matem\u00e1tica que tinham em 2013 por causa da pandemia de covid-19. Atualmente eles n\u00e3o conseguem resolver problemas com adi\u00e7\u00e3o e subtra\u00e7\u00e3o de c\u00e9dulas e moedas, em reais, por exemplo, ou que envolvam a metade e o triplo de n\u00fameros naturais.<br \/>\n&nbsp;<br \/>\nEm portugu\u00eas, a regress\u00e3o dos alunos de 5\u00ba ano foi menor. Em todas as s\u00e9ries avaliadas houve queda, tanto em portugu\u00eas quanto em matem\u00e1tica. Os resultados foram divulgados na sexta-feira pelo Minist\u00e9rio da Educa\u00e7\u00e3o (MEC) e se referem a uma prova feita em 2021 com 5,3 milh\u00f5es de alunos do pa\u00eds, o Sistema de Avalia\u00e7\u00e3o da Educa\u00e7\u00e3o B\u00e1sica (Saeb).<br \/>\n&nbsp;<br \/>\nEsta \u00e9 a principal avalia\u00e7\u00e3o de educa\u00e7\u00e3o do Brasil e traz pela primeira vez o retrato oficial do retrocesso causado pelas escolas fechadas e ensino remoto. Apesar da import\u00e2ncia, h\u00e1 ressalvas de especialistas por causa do \u00edndice de participa\u00e7\u00e3o ter sido baixo justamente em virtude da crise da covid-19.<br \/>\n&nbsp;<br \/>\n- A realiza\u00e7\u00e3o foi um grande desafio, esfor\u00e7o conjunto entre Uni\u00e3o, Estados e munic\u00edpios. A aplica\u00e7\u00e3o foi exitosa - disse o ministro da Educa\u00e7\u00e3o, Victor Godoy.<br \/>\n&nbsp;<br \/>\nEx-presidente do Instituto Nacional de Estudos e Pesquisas Educacionais (Inep), Maria Helena Guimar\u00e3es de Castro, presente \u00e0 coletiva no MEC, afirmou que, pelas peculiaridades da pandemia e diferen\u00e7as entre redes, \"os dados deste ano n\u00e3o poderiam ser comparados\". O Brasil foi um dos pa\u00edses que mais tempo deixou seus alunos em casa durante a crise sanit\u00e1ria. A maioria dos Estados reabriu suas escolas s\u00f3 em agosto de 2021, mesmo assim com esquemas de rod\u00edzio de presen\u00e7a nas aulas. (Zero Hora)<br \/>\n&nbsp;<br \/>\n&nbsp;<br \/>\n<b>Queda de pre\u00e7o leva Brasil a ter 34\u00aa gasolina mais barata<br \/>\n<\/b>&nbsp;<br \/>\nO pre\u00e7o da gasolina no Brasil caiu cerca de 30% desde julho - exatos 29,32% na m\u00e9dia nacional, conforme dados da Ag\u00eancia Nacional do Petr\u00f3leo (ANP) -, quando houve o corte da al\u00edquota de ICMS de 25% para 17%, no caso do Rio Grande do Sul. O cen\u00e1rio animou o presidente Jair Bolsonaro, candidato \u00e0 reelei\u00e7\u00e3o, a voltar a dizer que o pa\u00eds \"tem uma das mais baratas do mundo\", como havia feito em mar\u00e7o.<\/p>\n<p>O ranking da Global Petrol Prices, site especializado no segmento, tem uma boa not\u00edcia: o Brasil mudou da metade mais cara para a metade com os menores valores. Mas ainda est\u00e1 em 34\u00ba lugar, do pre\u00e7o mais baixo ao mais alto. Em mar\u00e7o, quando o presidente havia formulado a mesma frase, estava na 90\u00aa posi\u00e7\u00e3o. Ou seja, para ser correta, a frase deveria ser \"o Brasil tem a 34\u00aa gasolina mais barata do mundo\". Mas considerando os pa\u00edses onde o pre\u00e7o \u00e9 mais baixo, talvez n\u00e3o seja \"auspicioso\" desejar estar nesse topo, com Venezuela, L\u00edbia, Ir\u00e3, Arg\u00e9lia e Kwait. Nenhum \u00e9 desenvolvido ou tem democracia plena.<br \/>\n&nbsp;<br \/>\nSe at\u00e9 o in\u00edcio de agosto os pre\u00e7os no Brasil haviam ca\u00eddo menos do que no Exterior, agora o valor da gasolina nas bombas por aqui est\u00e1 alinhado aos de Argentina e Estados Unidos, e muito menor do que no Uruguai e na Alemanha, por exemplo. No bloco dos pre\u00e7os mais altos, chama aten\u00e7\u00e3o a presen\u00e7a de dois pa\u00edses da \u00c1frica que t\u00eam baixa renda m\u00e9dia. Esse grupo costumava ser formado por na\u00e7\u00f5es ricas e desenvolvidas. No levantamento fechado em 12 de setembro, Isl\u00e2ndia e Noruega completam o grupo dos cinco com pre\u00e7os mais altos. Para lembrar, a Noruega tamb\u00e9m tem uma estatal de petr\u00f3leo. Os dados podem ser verificados em globalpetrolprices.m\/ gasoline_prices. (Zero Hora)<\/p>\n<p><img decoding=\"async\" src=\"https:\/\/dl.dnzdns.com\/v\/QIQl43ABF0213\" alt=\"\" data-cke-saved-src=\"https:\/\/dl.dnzdns.com\/v\/QIQl43ABF0213\"><\/p>\n<\/div>\n<hr>\n<div id=\"icpbravoaccess_loaded\" style=\"text-align: justify;\">\n<div id=\"icpbravoaccess_loaded\">\n<div style=\"text-align: justify;\">\n<p style=\"text-align: center;\"><i style=\"font-size: 1rem;\"><b>Jogo R\u00e1pido&nbsp;<\/b><\/i><\/p>\n<\/div>\n<\/div>\n<\/div>\n<p style=\"text-align: center;\"><i><b>CPR ampliada no card\u00e1pio de cr\u00e9dito<br \/>\n<\/b>\u00c0 frente no n\u00famero de contratos financiados no Plano Safra 2021\/2022 no Estado, o Sicredi tamb\u00e9m busca ampliar op\u00e7\u00f5es de cr\u00e9dito que independem da equaliza\u00e7\u00e3o feita pela Uni\u00e3o, caso da C\u00e9dula de Produto Rural (CPR). Depois de fechar o ciclo passado com R$ 1,7 bilh\u00e3o emitido, a meta \u00e9 chegar a R$ 2,3 bilh\u00f5es no calend\u00e1rio vigente. No Brasil, a R$ 10,5 bilh\u00f5es, crescimento de 40%. - Fizemos nossa entrada no ciclo passado, adotando a CPR f\u00e1cil, que \u00e9 feita no formato digital. \u00c9 uma opera\u00e7\u00e3o r\u00e1pida - explica M\u00e1rcio Port, presidente da Central Sicredi Sul-Sudeste. Com recursos para atender as demandas de custeio, o mecanismo se soma ao cr\u00e9dito oficial. No Plano Safra 2021\/2022 o Sicredi liberou mais de R$ 13,5 bilh\u00f5es no RS, para 135,7 mil opera\u00e7\u00f5es - a maioria de Pronaf. Em quantidade de contratos, a institui\u00e7\u00e3o financeira ficou com uma fatia de 45%. (Zero Hora)<\/i><\/p>\n<div id=\"icpbravoaccess_loaded\">\n<hr>\n<\/div>\n<div id=\"icpbravoaccess_loaded\">&nbsp;<\/div>\n<div id=\"icpbravoaccess_loaded\">&nbsp;<\/div>\n","protected":false},"excerpt":{"rendered":"<p>Porto Alegre, 19 de setembro de 2022&nbsp; &nbsp; &nbsp; &nbsp; &nbsp; &nbsp; &nbsp; &nbsp; &nbsp; &nbsp; &nbsp; &nbsp; &nbsp; &nbsp; &nbsp; &nbsp; &nbsp; &nbsp; &nbsp; &nbsp; &nbsp; &nbsp; &nbsp; &nbsp; &nbsp; &nbsp;Ano 16 - N\u00b0 3.745 Inscri\u00e7\u00f5es para o 2\u00ba Pr\u00eamio Refer\u00eancia Leiteira abrem na quarta-feira &nbsp; Produtores de leite do Rio Grande do Sul <a href=\"https:\/\/www.sindilat.com.br\/site\/2022\/09\/19\/19-09-2022\/\" class=\"more-link\">...continuar lendo<span class=\"screen-reader-text\"> \"19\/09\/2022\"<\/span><\/a><\/p>\n","protected":false},"author":2,"featured_media":0,"comment_status":"open","ping_status":"open","sticky":false,"template":"","format":"standard","meta":{"ngg_post_thumbnail":0,"footnotes":""},"categories":[28],"tags":[],"class_list":{"0":"post-10288","1":"post","2":"type-post","3":"status-publish","4":"format-standard","6":"category-newsletter","7":"h-entry","8":"hentry","9":"h-as-article"},"_links":{"self":[{"href":"https:\/\/www.sindilat.com.br\/site\/wp-json\/wp\/v2\/posts\/10288","targetHints":{"allow":["GET"]}}],"collection":[{"href":"https:\/\/www.sindilat.com.br\/site\/wp-json\/wp\/v2\/posts"}],"about":[{"href":"https:\/\/www.sindilat.com.br\/site\/wp-json\/wp\/v2\/types\/post"}],"author":[{"embeddable":true,"href":"https:\/\/www.sindilat.com.br\/site\/wp-json\/wp\/v2\/users\/2"}],"replies":[{"embeddable":true,"href":"https:\/\/www.sindilat.com.br\/site\/wp-json\/wp\/v2\/comments?post=10288"}],"version-history":[{"count":1,"href":"https:\/\/www.sindilat.com.br\/site\/wp-json\/wp\/v2\/posts\/10288\/revisions"}],"predecessor-version":[{"id":10289,"href":"https:\/\/www.sindilat.com.br\/site\/wp-json\/wp\/v2\/posts\/10288\/revisions\/10289"}],"wp:attachment":[{"href":"https:\/\/www.sindilat.com.br\/site\/wp-json\/wp\/v2\/media?parent=10288"}],"wp:term":[{"taxonomy":"category","embeddable":true,"href":"https:\/\/www.sindilat.com.br\/site\/wp-json\/wp\/v2\/categories?post=10288"},{"taxonomy":"post_tag","embeddable":true,"href":"https:\/\/www.sindilat.com.br\/site\/wp-json\/wp\/v2\/tags?post=10288"}],"curies":[{"name":"wp","href":"https:\/\/api.w.org\/{rel}","templated":true}]}}