{"id":10279,"date":"2022-09-16T18:55:40","date_gmt":"2022-09-16T18:55:40","guid":{"rendered":"https:\/\/www.sindilat.com.br\/site\/?p=10279"},"modified":"2022-09-16T18:56:08","modified_gmt":"2022-09-16T18:56:08","slug":"16-09-2022","status":"publish","type":"post","link":"https:\/\/www.sindilat.com.br\/site\/2022\/09\/16\/16-09-2022\/","title":{"rendered":"16\/09\/2022"},"content":{"rendered":"<div id=\"icpbravoaccess_loaded\">\n<div id=\"icpbravoaccess_loaded\">\n<figure class=\"wp-block-image\" style=\"text-align: justify;\"><img loading=\"lazy\" decoding=\"async\" class=\"\" src=\"https:\/\/dl.dnzdns.com\/v\/uuURf8ABF0257\" alt=\"Newsletter Sindilat_RS\" width=\"1159\" height=\"207\"><\/figure>\n<p style=\"text-align: justify;\">Porto Alegre, 16 de setembro de 2022&nbsp; &nbsp; &nbsp; &nbsp; &nbsp; &nbsp; &nbsp; &nbsp; &nbsp; &nbsp; &nbsp; &nbsp; &nbsp; &nbsp; &nbsp; &nbsp; &nbsp; &nbsp; &nbsp; &nbsp; &nbsp; &nbsp; &nbsp; &nbsp; &nbsp; &nbsp;Ano 16 - N\u00b0 3.744<\/p>\n<hr>\n<\/div>\n<\/div>\n<p dir=\"ltr\" style=\"text-align: justify;\"><b>Evolu\u00e7\u00e3o da produ\u00e7\u00e3o mundial de leite<br \/>\n<\/b>&nbsp;<br \/>\nA tabela abaixo mostra um grupo selecionado de pa\u00edses produtores e importadores que representam 60% da produ\u00e7\u00e3o mundial de leite de vaca, e no conjunto, apresentaram queda de 1,09% no volume de leite acumulado de janeiro a julho de 2022, em rela\u00e7\u00e3o a igual per\u00edodo do ano anterior.<br \/>\n<img decoding=\"async\" src=\"https:\/\/dl.dnzdns.com\/v\/XTKs05ABF0216\" alt=\"\" data-cke-saved-src=\"https:\/\/dl.dnzdns.com\/v\/XTKs05ABF0216\"><\/p>\n<p style=\"text-align: justify;\">A Uni\u00e3o Europeia (UE), que tamb\u00e9m apresentou valores negativos em 2021 e come\u00e7ou da mesma forma em 2022, reverteu a tend\u00eancia em fevereiro, mas voltou a cair de mar\u00e7o a julho. Mas diferentemente da Europa, os Estados Unidos da Am\u00e9rica (EUA) tiveram resultados positivos em 2021, e em 2022 apresenta resultado negativo nos sete primeiros meses de 2022. Os valores negativos dos EUA e da UE, que por sua representatividade no volume total definem o resultado global, s\u00e3o agora acompanhados por v\u00e1rios outros pa\u00edses que tamb\u00e9m apresentaram percentuais negativos.<br \/>\n&nbsp;<br \/>\nA Argentina come\u00e7a o ano como a maioria dos pa\u00edses produtores de leite, queda de 0,9%, comportamento que foi revertido entre fevereiro e abril, mas as queDdas retornaram entre maio e julho. No acumulado do ano at\u00e9 julho ficou com varia\u00e7\u00e3o positiva, +0,7%. No entanto, se as condi\u00e7\u00f5es clim\u00e1ticas n\u00e3o mudarem, e os custos da alimenta\u00e7\u00e3o n\u00e3o ca\u00edrem, at\u00e9 o final do ano o resultado pode ser negativo. Cabe lembrar que a Argentina foi quem apresentou as maiores taxas de crescimento em 2020 e 2021 (+7,4% e +4%), respectivamente. E, em 2022, \u00e9 o \u00fanico pa\u00eds dos principais exportadores (EUA, UE, Austr\u00e1lia, Nova Zel\u00e2ndia e Uruguai) que apresentou, at\u00e9 agora, crescimento da produ\u00e7\u00e3o. (Fonte: OCLA \u2013 Tradu\u00e7\u00e3o livre: www.terraviva.com.br)<\/p>\n<p style=\"text-align: justify;\"><img decoding=\"async\" src=\"https:\/\/dl.dnzdns.com\/v\/H4vU51ABF0216\" alt=\"\" data-cke-saved-src=\"https:\/\/dl.dnzdns.com\/v\/H4vU51ABF0216\"><\/p>\n<hr>\n<div style=\"text-align: justify;\">\n<p style=\"text-align: justify;\"><b>O calor e a seca cedem na Europa, mas a produ\u00e7\u00e3o n\u00e3o recupera<br \/>\n<\/b>&nbsp;<br \/>\nO leite da Europa Ocidental continua seu decl\u00ednio sazonal. A produ\u00e7\u00e3o atinge o menor n\u00edvel em outubro ou novembro, dependendo do local. Em algumas regi\u00f5es o calor de ver\u00e3o e a seca diminu\u00edram, mas, a produ\u00e7\u00e3o de leite ainda \u00e9 fraca e os componentes do leite s\u00e3o baixos.<br \/>\n&nbsp;<br \/>\nO leite captado pelas ind\u00fastrias, em julho, aumentou 0,3% na compara\u00e7\u00e3o interanual. De janeiro a julho de 2022 o volume captado foi estimado em 86,6 milh\u00f5es de toneladas, uma queda de 0,5% em rela\u00e7\u00e3o ao mesmo per\u00edodo de 2021. Entre os principais pa\u00edses produtores, o volume e o percentual de varia\u00e7\u00e3o foram: Alemanha, 18,901 milh\u00f5es toneladas (-1,3%); Fran\u00e7a, 14,479 milh\u00f5es toneladas, -1,3%; Holanda, 8,132 milh\u00f5es toneladas -0,2%, e It\u00e1lia, 7,888 milh\u00f5es toneladas, +0,2%. Fontes da ind\u00fastria informam que tamb\u00e9m no Reino Unido o leite est\u00e1 diminuindo. Alguns relat\u00f3rios indicam que a capta\u00e7\u00e3o de agosto variou aproximadamente em -1,4% na compara\u00e7\u00e3o com agosto de 2021. An\u00e1lises de especialistas sugerem que o rebanho leiteiro continua contraindo. Embora existam relatos de que os n\u00fameros de reprodutores jovens estejam aumentando, algumas fontes acham que as press\u00f5es financeiras enfrentadas por alguns agricultores podem levar a redu\u00e7\u00f5es adicionais do rebanho. A oferta apertada de leite, o racionamento de g\u00e1s e energia e a pouca disponibilidade de trabalhadores criaram um cen\u00e1rio de fraca oferta de leite e produtos l\u00e1cteos. Em contrapartida, o pre\u00e7o alto nas g\u00f4ndolas limitou o apetite dos consumidores. A ind\u00fastria tenta se organizar em meio de um mercado com oferta e demanda fraca.<br \/>\n&nbsp;<br \/>\nAl\u00e9m disso, algumas ind\u00fastrias procuram estabelecer estrat\u00e9gias que ajudem os consumidores a lidarem com os altos pre\u00e7os dos alimentos e ao mesmo tempo querem ajudar seus produtores de leite a terem uma renda para contrabalan\u00e7ar o peso da infla\u00e7\u00e3o nos custos de produ\u00e7\u00e3o.<br \/>\n<img decoding=\"async\" src=\"https:\/\/dl.dnzdns.com\/v\/hjrz02ABF0221\" alt=\"\" data-cke-saved-src=\"https:\/\/dl.dnzdns.com\/v\/hjrz02ABF0221\"><br \/>\n&nbsp;<br \/>\nAssim como na Europa Ocidental, as ind\u00fastrias do Leste Europeu enfrentam as quedas sazonais na oferta de leite. No entanto, alguns pa\u00edses tiveram crescimento em 2022. De acordo com dados preliminares divulgados pelo site CLAL, a produ\u00e7\u00e3o de leite de vaca na Bielorr\u00fassia, em julho de 2022, foi de 703 mil toneladas, +1,3% em rela\u00e7\u00e3o a julho de 2021. No acumulado de janeiro a julho de 2022, o volume foi de 4,606 milh\u00f5es de toneladas, o mesmo volume registrado de janeiro a julho de 2021.<br \/>\n&nbsp;<br \/>\nNa Pol\u00f4nia, a produ\u00e7\u00e3o de leite nos sete primeiros meses do ano foi de 7,608 milh\u00f5es de toneladas, o que representou crescimento de 2,1% em rela\u00e7\u00e3o ao mesmo per\u00edodo do ano anterior. Na Ucr\u00e2nia, como esperado, o n\u00famero de vacas leiteiras foi reduzido em 15% de acordo com estimativas oficiais, e a produ\u00e7\u00e3o de leite diminuiu 14,4%. (Fonte: Usda \u2013 Tradu\u00e7\u00e3o Livre: Terra Viva)<\/p>\n<p style=\"text-align: justify;\"><img decoding=\"async\" src=\"https:\/\/dl.dnzdns.com\/v\/EW0886ABF0252\" alt=\"\" data-cke-saved-src=\"https:\/\/dl.dnzdns.com\/v\/EW0886ABF0252\"><\/p>\n<p style=\"text-align: justify;\">&nbsp;<br \/>\n<b>Cooperativas s\u00e3o agente de inclus\u00e3o do produtor no mercado de carbono<br \/>\n<\/b><br \/>\nAs cooperativas devem ser os agentes de inclus\u00e3o dos produtores rurais ga\u00fachos no mercado de cr\u00e9ditos de carbono, um segmento com potencial de gera\u00e7\u00e3o de US$ 100 bilh\u00f5es ao ano, sendo US$ 75 bilh\u00f5es em atividades ligadas ao uso da terra. Com regulamenta\u00e7\u00e3o ainda em curso no Brasil, a comercializa\u00e7\u00e3o dos cr\u00e9ditos de carbono \u00e9 uma fonte promissora de renda, ainda praticamente inexplorada pelo agroneg\u00f3cio. \u201cO Brasil tem um potencial incr\u00edvel e, particularmente, as cooperativas t\u00eam como ajudar os produtores a acelerarem a transi\u00e7\u00e3o para uma agricultura de baixo carbono por meio da assist\u00eancia t\u00e9cnica\u201d, citou o CEO da My Carbon, Eduardo Bastos, durante o segundo dia da 2\u00aa Jornada RTC, em Gramado (RS). O executivo est\u00e1 envolvido em projetos pioneiros de produ\u00e7\u00e3o de carbono neutro da companhia, que integra o grupo Minerva Foods. Ele indica que o Brasil tem potencial para ser o maior trading de carbono do planeta e \u00e9 preciso ajudar os setores que trabalham com o uso da terra a fazer a transi\u00e7\u00e3o. \u201cO mercado de carbono j\u00e1 deu certo e est\u00e1 rodando, s\u00f3 a gente \u00e9 que n\u00e3o est\u00e1 l\u00e1\u201d, frisou.<br \/>\n&nbsp;<br \/>\nSegundo o presidente da CCGL, Caio Vianna, \u00e9 preciso intensificar a produ\u00e7\u00e3o vegetal em busca tanto da sustentabilidade ambiental quanto de solu\u00e7\u00f5es econ\u00f4micas para o campo. E as cooperativas, disse ele, s\u00e3o o caminho para alcan\u00e7ar esse prop\u00f3sito por meio de empresas de gest\u00e3o aberta e democr\u00e1tica. \u201cAs plantas s\u00e3o m\u00e1quinas naturais para captar o CO2, e projetos como a RTC s\u00e3o a reposta para acessar esses mercados. N\u00f3s somos os respons\u00e1veis pelas transforma\u00e7\u00f5es e seremos os respons\u00e1veis por fazer a coisa acontecer\u201d. A RTC desenvolve o projeto Opera\u00e7\u00e3o 365 lastreado exatamente em uma produ\u00e7\u00e3o sustent\u00e1vel baseada na cobertura do solo durante todos os dias do ano.<br \/>\nA venda de cr\u00e9ditos de carbono no Brasil ocorre apenas no chamado mercado volunt\u00e1rio, uma vez que n\u00e3o d\u00e1 regulamenta\u00e7\u00e3o formalizada. A expectativa \u00e9 que ela chegue entre 3 e 5 anos. Atualmente, o pa\u00eds disp\u00f5e apenas de decreto, publicado em maio deste ano, que traz linhas gerais e par\u00e2metros. O processo consiste em compensar as emiss\u00f5es de gases do efeito estufa (metano, \u00f3xido nitroso e g\u00e1s carb\u00f4nico) do processo produtivo ou monetizar seus excedentes comercializando-os a outros setores da economia. \u201cO Brasil precisa acelerar esse processo. \u00c9 uma agenda incr\u00edvel a destravar\u201d, afirma Bastos. Uma das ideias propostas por ele foi valer-se do atributo de gerador de cr\u00e9ditos como atrativos para negocia\u00e7\u00f5es com pa\u00edses importadores de gr\u00e3os como a China, onde esse mercado est\u00e1 mais avan\u00e7ado.<br \/>\n&nbsp;<br \/>\nBastos ainda citou que a quest\u00e3o ambiental deixou h\u00e1 tempo de ser uma preocupa\u00e7\u00e3o de alguns nichos da sociedade. Em 2021, citou ele, lideran\u00e7as do capitalismo mundial reuniram-se no World Economic Forum e indicaram que quatro de cinco das suas principais preocupa\u00e7\u00f5es da atualidade est\u00e3o ligadas \u00e0 tem\u00e1tica ambiental: risco de quest\u00f5es de clima extremo, falha no combate \u00e0s mudan\u00e7as clim\u00e1ticas, destrui\u00e7\u00e3o ambiental e perda de biodiversidade.<br \/>\n&nbsp;<br \/>\n\u201cDesenvolvimento n\u00e3o se sustenta sem a quest\u00e3o ambiental. Contem as boas hist\u00f3rias que voc\u00eas t\u00eam porque, se n\u00e3o contarem, algu\u00e9m vai contar ela por voc\u00eas. E deve contar errado\u201d, recomendou o painelista incitando a plateia a falar mais sobre as boas pr\u00e1ticas de suas propriedades. (Fonte: Assessoria de Imprensa RTC)<\/p>\n<\/div>\n<hr>\n<div id=\"icpbravoaccess_loaded\" style=\"text-align: justify;\">\n<div id=\"icpbravoaccess_loaded\">\n<div style=\"text-align: justify;\">\n<p style=\"text-align: center;\"><i style=\"font-size: 1rem;\"><b>Jogo R\u00e1pido&nbsp;<\/b><\/i><\/p>\n<\/div>\n<\/div>\n<\/div>\n<p style=\"text-align: center;\"><em><b>BOLETIM INTEGRADO AGROMETEOROL\u00d3GICO No 36\/2022 \u2013 SEAPDR<br \/>\n<\/b>Os pr\u00f3ximos sete dias permanecer\u00e3o com umidade e temperaturas amenas no RS. Na quinta-feira (15), o tempo seco vai predominar na maior parte do Estado, somente nos setores Nordeste, Leste e Sul a circula\u00e7\u00e3o de umidade do mar para o continente manter\u00e1 grande varia\u00e7\u00e3o de nuvens e possibilidade de chuvas fracas e isoladas. Na sexta-feira (16) e s\u00e1bado (17), o ingresso de ar quente favorecer\u00e1 a eleva\u00e7\u00e3o das temperaturas, com tempo firme e varia\u00e7\u00e3o de nuvens em todo Estado. No domingo (18), a aproxima\u00e7\u00e3o de uma \u00e1rea de baixa press\u00e3o favorecer\u00e1 o aumento da nebulosidade e dever\u00e3o ocorrer pancadas de chuva na maioria das regi\u00f5es, com possibilidade de temporais isolados, principalmente na Metade Sul.&nbsp;<a href=\"https:\/\/www.agricultura.rs.gov.br\/agrometeorologia\" data-cke-saved-href=\"https:\/\/www.agricultura.rs.gov.br\/agrometeorologia\">Clique aqui&nbsp;<\/a>e acesse os Boletins oficiais sobre clima e culturas elaborado pela Secretaria da Agricultura, Pecu\u00e1ria e Desenvolvimento Rural, Emater-RS e Irga. O documento conta com uma avalia\u00e7\u00e3o das condi\u00e7\u00f5es meteorol\u00f3gicas da semana anterior, situa\u00e7\u00e3o atualizada das culturas do per\u00edodo e a previs\u00e3o meteorol\u00f3gica para a semana seguinte. (SEAPDR)&nbsp;<\/em><\/p>\n<div id=\"icpbravoaccess_loaded\">\n<hr>\n<\/div>\n<div id=\"icpbravoaccess_loaded\">&nbsp;<\/div>\n<div id=\"icpbravoaccess_loaded\">&nbsp;<\/div>\n","protected":false},"excerpt":{"rendered":"<p>Porto Alegre, 16 de setembro de 2022&nbsp; &nbsp; &nbsp; &nbsp; &nbsp; &nbsp; &nbsp; &nbsp; &nbsp; &nbsp; &nbsp; &nbsp; &nbsp; &nbsp; &nbsp; &nbsp; &nbsp; &nbsp; &nbsp; &nbsp; &nbsp; &nbsp; &nbsp; &nbsp; &nbsp; &nbsp;Ano 16 - N\u00b0 3.744 Evolu\u00e7\u00e3o da produ\u00e7\u00e3o mundial de leite &nbsp; A tabela abaixo mostra um grupo selecionado de pa\u00edses produtores e importadores <a href=\"https:\/\/www.sindilat.com.br\/site\/2022\/09\/16\/16-09-2022\/\" class=\"more-link\">...continuar lendo<span class=\"screen-reader-text\"> \"16\/09\/2022\"<\/span><\/a><\/p>\n","protected":false},"author":2,"featured_media":0,"comment_status":"open","ping_status":"open","sticky":false,"template":"","format":"standard","meta":{"ngg_post_thumbnail":0,"footnotes":""},"categories":[28],"tags":[],"class_list":{"0":"post-10279","1":"post","2":"type-post","3":"status-publish","4":"format-standard","6":"category-newsletter","7":"h-entry","8":"hentry","9":"h-as-article"},"_links":{"self":[{"href":"https:\/\/www.sindilat.com.br\/site\/wp-json\/wp\/v2\/posts\/10279","targetHints":{"allow":["GET"]}}],"collection":[{"href":"https:\/\/www.sindilat.com.br\/site\/wp-json\/wp\/v2\/posts"}],"about":[{"href":"https:\/\/www.sindilat.com.br\/site\/wp-json\/wp\/v2\/types\/post"}],"author":[{"embeddable":true,"href":"https:\/\/www.sindilat.com.br\/site\/wp-json\/wp\/v2\/users\/2"}],"replies":[{"embeddable":true,"href":"https:\/\/www.sindilat.com.br\/site\/wp-json\/wp\/v2\/comments?post=10279"}],"version-history":[{"count":2,"href":"https:\/\/www.sindilat.com.br\/site\/wp-json\/wp\/v2\/posts\/10279\/revisions"}],"predecessor-version":[{"id":10282,"href":"https:\/\/www.sindilat.com.br\/site\/wp-json\/wp\/v2\/posts\/10279\/revisions\/10282"}],"wp:attachment":[{"href":"https:\/\/www.sindilat.com.br\/site\/wp-json\/wp\/v2\/media?parent=10279"}],"wp:term":[{"taxonomy":"category","embeddable":true,"href":"https:\/\/www.sindilat.com.br\/site\/wp-json\/wp\/v2\/categories?post=10279"},{"taxonomy":"post_tag","embeddable":true,"href":"https:\/\/www.sindilat.com.br\/site\/wp-json\/wp\/v2\/tags?post=10279"}],"curies":[{"name":"wp","href":"https:\/\/api.w.org\/{rel}","templated":true}]}}