{"id":10270,"date":"2022-09-15T20:02:43","date_gmt":"2022-09-15T20:02:43","guid":{"rendered":"https:\/\/www.sindilat.com.br\/site\/?p=10270"},"modified":"2022-09-15T20:05:11","modified_gmt":"2022-09-15T20:05:11","slug":"15-09-2022","status":"publish","type":"post","link":"https:\/\/www.sindilat.com.br\/site\/2022\/09\/15\/15-09-2022\/","title":{"rendered":"15\/09\/2022"},"content":{"rendered":"<div id=\"icpbravoaccess_loaded\">\n<div id=\"icpbravoaccess_loaded\">\n<figure class=\"wp-block-image\" style=\"text-align: justify;\"><img loading=\"lazy\" decoding=\"async\" class=\"\" src=\"https:\/\/dl.dnzdns.com\/v\/uuURf8ABF0257\" alt=\"Newsletter Sindilat_RS\" width=\"1159\" height=\"207\"><\/figure>\n<p style=\"text-align: justify;\">Porto Alegre, 15 de setembro de 2022&nbsp; &nbsp; &nbsp; &nbsp; &nbsp; &nbsp; &nbsp; &nbsp; &nbsp; &nbsp; &nbsp; &nbsp; &nbsp; &nbsp; &nbsp; &nbsp; &nbsp; &nbsp; &nbsp; &nbsp; &nbsp; &nbsp; &nbsp; &nbsp; &nbsp; &nbsp;Ano 16 - N\u00b0 3.743<\/p>\n<hr>\n<\/div>\n<\/div>\n<p dir=\"ltr\" style=\"text-align: justify;\"><b>F\u00f3rum Tecnol\u00f3gico do Leite ter\u00e1 programa\u00e7\u00e3o h\u00edbrida<br \/>\n<\/b>&nbsp;<br \/>\nA 16\u00aa edi\u00e7\u00e3o do F\u00f3rum Tecnol\u00f3gico do Leite conta com programa\u00e7\u00e3o on-line, no dia 29 de setembro, e presencial, no dia 05 de outubro. Realiza\u00e7\u00e3o do Col\u00e9gio Teut\u00f4nia e da Emater\/RS-Ascar, o tradicional evento da cadeia produtiva abordar\u00e1 \u201cTecnologias que impactam na rentabilidade da atividade leiteira\u201d. O F\u00f3rum integra a programa\u00e7\u00e3o de 70 anos do CT, comemorados no \u00faltimo m\u00eas de julho.<br \/>\n&nbsp;<br \/>\n\u201cNos \u00faltimos dois anos o evento foi totalmente on-line. A edi\u00e7\u00e3o deste ano \u00e9 uma transi\u00e7\u00e3o e retomada da programa\u00e7\u00e3o presencial. As atividades virtuais, por sua vez, s\u00e3o uma oportunidade de participa\u00e7\u00e3o de produtores de outras regi\u00f5es com dificuldades de deslocamento at\u00e9 o Col\u00e9gio Teut\u00f4nia. O F\u00f3rum se prop\u00f5e a trazer conte\u00fado t\u00e9cnico, com uma linguagem de f\u00e1cil compreens\u00e3o do p\u00fablico, buscando essa proximidade com a realidade do produtor de leite\u201d, avalia a m\u00e9dica veterin\u00e1ria, professora e coordenadora do curso T\u00e9cnico em Agropecu\u00e1ria do Col\u00e9gio Teut\u00f4nia, Cristiana Terra, que integra a comiss\u00e3o organizadora do evento.<br \/>\n&nbsp;<br \/>\nPrograma\u00e7\u00e3o&nbsp;<br \/>\nNo dia 29 de setembro, \u00e0s 20h, pela p\u00e1gina do Col\u00e9gio Teut\u00f4nia no Youtube, ocorre a transmiss\u00e3o on-line de palestras relacionadas ao tema \u201cComo preparar a vaca do futuro\u201d. Com modera\u00e7\u00e3o da m\u00e9dica veterin\u00e1ria Cristiana Terra, a Granja Rutz, de Westf\u00e1lia\/RS, ser\u00e1 apresentada como case de aumento da m\u00e9dia de produtividade e investimento na cria\u00e7\u00e3o de terneiras; e a Agropecu\u00e1ria Vale Verde, de Paverama\/RS, far\u00e1 apresenta\u00e7\u00e3o sobre a cria\u00e7\u00e3o de terneiras como alternativa de melhor custo-benef\u00edcio. A expectativa \u00e9 de contar com mais de mil visualiza\u00e7\u00f5es nessa noite.<br \/>\n&nbsp;<br \/>\nNo dia 05 de outubro as atividades presenciais ser\u00e3o desenvolvidas no Audit\u00f3rio Central do Col\u00e9gio Teut\u00f4nia, abordando conforto e bem-estar animal. A recep\u00e7\u00e3o e credenciamento ser\u00e3o a partir das 9h40min, com abertura oficial \u00e0s 10h. \u00c0s 10h15min acontece a palestra \u201cComo resfriar suas vacas e n\u00e3o perder dinheiro neste ver\u00e3o\u201d, com o m\u00e9dico veterin\u00e1rio Adriano Seddon, consultor t\u00e9cnico Top Leite\/Cowcooling. \u00c0s 12h haver\u00e1 almo\u00e7o que privilegia o networking.<br \/>\n&nbsp;<br \/>\n\u00c0 tarde estar\u00e3o em foco os resultados obtidos por meio do resfriamento das vacas, as melhorias alcan\u00e7adas e as dificuldades ainda enfrentadas. \u00c0s 14h ser\u00e1 apresentado o case do produtor de leite de Vespasiano Corr\u00eaa\/RS, Fabr\u00edcio Balerini; seguido de apresenta\u00e7\u00e3o do produtor de leite de Boa Vista do Buric\u00e1\/RS, Edemar Follmann, \u00e0s 14h20min.<br \/>\n&nbsp;<br \/>\nA partir das 14h40min haver\u00e1 debate e espa\u00e7o para perguntas, com modera\u00e7\u00e3o do t\u00e9cnico da Emater\/RS-Ascar, Maicon Berwanger. \u00c0s 15h15min acontece oficina pr\u00e1tica com simula\u00e7\u00f5es de sistemas para resfriamento de vacas, com encerramento previsto para \u00e0s 15h50min. Durante o dia os patrocinadores ouro do evento ter\u00e3o \u201cmesas de neg\u00f3cio\u201d no espa\u00e7o do Audit\u00f3rio Central do CT, com a possibilidade de demonstra\u00e7\u00f5es e a\u00e7\u00f5es de relacionamento com o p\u00fablico presente.<br \/>\n&nbsp;<br \/>\nInscri\u00e7\u00f5es<br \/>\nPara a programa\u00e7\u00e3o on-line n\u00e3o h\u00e1 a necessidade de inscri\u00e7\u00e3o pr\u00e9via. As inscri\u00e7\u00f5es para a programa\u00e7\u00e3o presencial podem ser realizadas pelo site do Col\u00e9gio Teut\u00f4nia \u2013 www.colegioteutonia.com.br. Inscritos at\u00e9 \u00e0s 12h do dia 03 de outubro garantem almo\u00e7o gratuito (haver\u00e1 a possibilidade de se inscrever na hora, por\u00e9m, sem o almo\u00e7o gratuito).<br \/>\n&nbsp;<br \/>\nO F\u00f3rum Tecnol\u00f3gico do Leite conta com o apoio da Prefeitura de Teut\u00f4nia, patroc\u00ednio ouro de Certel Artefatos de Cimento, Top Leite, Duagro, Gestor RP, Select Sires e Milkparts; patroc\u00ednio prata de Languiru, D\u00e1lia Alimentos, Sindilat\/RS, Machado Agropecu\u00e1ria, Samaq Massey Ferguson, Man\u00e1, Nutron, Tangar\u00e1, Cooperagri, Sicredi, F\u00e1bio Guilhermano e Launer Qu\u00edmica. (Assessoria de Imprensa F\u00f3rum Tecnol\u00f3gico do Leite)<\/p>\n<p dir=\"ltr\"><img decoding=\"async\" src=\"https:\/\/dl.dnzdns.com\/v\/djv5deABF0245\" alt=\"\" data-cke-saved-src=\"https:\/\/dl.dnzdns.com\/v\/djv5deABF0245\"><\/p>\n<hr>\n<div style=\"text-align: justify;\">\n<p><b>Brasil assume protagonismo internacional e super\u00e1vit agr\u00edcola pode chegar a US$ 200 bilh\u00f5es em 30 anos<br \/>\n<\/b>&nbsp;<br \/>\nO Brasil aumentou em 14 vezes o super\u00e1vit da balan\u00e7a comercial agr\u00edcola nos \u00faltimos 30 anos. Segundo dados apresentados pelo economista e analista de mercado Alexandre Mendon\u00e7a de Barros durante a abertura da 2\u00aa Jornada RTC, nesta quarta-feira (14\/9), o pa\u00eds passou de uma balan\u00e7a superavit\u00e1ria de US$ 7,1 bilh\u00f5es, em 1990, para US$ 81 bilh\u00f5es em 2020 e, neste ano, deve atingir a casa dos US$ 100 bilh\u00f5es. \u201cO Brasil precisa ser inteligente e abrir com\u00e9rcio com os diferentes blocos que ir\u00e3o surgir. \u00c9 necess\u00e1rio ter habilidade diplom\u00e1tica de conversar com russos, chineses e europeus e nos tornarmos relevantes para todos eles. As cooperativas precisam ter tamanho para conversar com todos esses mercados\u201d, frisou a uma plateia atenta de 650 integrantes, de mais de 30 cooperativas, ligadas \u00e0 Rede T\u00e9cnica Cooperativa (RTC) reunidos no Wish Resort, em Gramado (RS).<br \/>\n&nbsp;<br \/>\nO presidente da CCGL, Caio Vianna, deu in\u00edcio \u00e0 jornada destacando a import\u00e2ncia da retomada de eventos presenciais p\u00f3s-pandemia para debater o futuro do setor. \u201cVendo esse plen\u00e1rio lotado de colegas de longa data, de muitas lutas pelo agro e pelo cooperativismo, entendemos o motivo pelo qual o Rio Grande do Sul \u00e9 t\u00e3o pujante e contribui tanto para o agro brasileiro. O agro do RS n\u00e3o \u00e9 feito apenas dentro dos limites do nosso Estado, mas est\u00e1 por todo o pa\u00eds\u201d. A for\u00e7a das cooperativas nesse cen\u00e1rio foi refor\u00e7ada pelo presidente da Fecoagro, Paulo Pires.&nbsp; \u201cTenho confian\u00e7a absoluta de que juntos vamos fazer um trabalho em prol do agro ga\u00facho\u201d. No comando do Sistema Ocergs-Sescoop\/RS, Darci Hartmann, lembrou a import\u00e2ncia de se voltar os olhos para os pr\u00f3ximos passos do setor no Brasil. \u201cOs desafios foram lan\u00e7ados e agora temos que interpretar o que quer o jovem do futuro\u201d, acrescentou.<br \/>\n&nbsp;<br \/>\nAo defender uma a\u00e7\u00e3o diplom\u00e1tica pela abertura de mercados, Mendon\u00e7a de Barros, lembrou que o Brasil j\u00e1 assumiu um papel relevante no cen\u00e1rio internacional nas \u00faltimas tr\u00eas d\u00e9cadas e que, em cerca de 30 anos, o super\u00e1vit da balan\u00e7a comercial pode chegar a US$ 200 bilh\u00f5es. \u201cPara isso, precisamos de envergadura log\u00edstica, escala competitiva e ganhar musculatura para enfrentar as oscila\u00e7\u00f5es no mercado\u201d.<br \/>\n&nbsp;<br \/>\nPara o economista, a tend\u00eancia \u00e9 que aumente a depend\u00eancia entre mercados, e que na\u00e7\u00f5es desenvolvidas se tornem compradoras de pa\u00edses como o Brasil como forma de garantir a soberania alimentar. \u201cPrecisamos dizer ao mundo que estamos aqui e transmitir confian\u00e7a. Nosso destino \u00e9 alimentar o mundo, independentemente de eventuais conflitos que venham se formar\u201d.<br \/>\n&nbsp;<br \/>\nMendon\u00e7a de Barros ainda ressaltou que a economia mundial deve desacelerar nos pr\u00f3ximos anos, o que n\u00e3o significa impacto direto nos pre\u00e7os, uma vez que o mercado de alimentos segue demandador. Ele citou as recentes quebras nas safras dos Estados Unidos e da Europa, e lembrou que os modelos de previs\u00e3o para 2022\/23 indicam uma colheita de 149 milh\u00f5es de toneladas de soja e 126 milh\u00f5es de toneladas de milho para o Brasil, indicadores que, segundo ele, ainda n\u00e3o consideram o impacto do La Ni\u00f1a.<br \/>\n&nbsp;<br \/>\nSegundo o economista e analista de mercado, dentro de quatro semanas, a aten\u00e7\u00e3o do mercado internacional de gr\u00e3os deve se concentrar no Brasil tendo em vista a previs\u00e3o de ocorr\u00eancia de La Ni\u00f1a na Am\u00e9rica do Sul. Apesar de n\u00e3o acreditar em uma quebra expressiva da safra a ser colhida, o profissional projeta redu\u00e7\u00e3o em rela\u00e7\u00e3o \u00e0 estimativa inicial. \u201cO mercado segue em um quadro nervoso. Mas a import\u00e2ncia do Brasil no quadro internacional s\u00f3 cresce\u201d.<br \/>\n&nbsp;<br \/>\nA 2\u00aa Jornada T\u00e9cnica RC vai at\u00e9 sexta-feira (16\/9) e reunir\u00e1 palestrantes com atua\u00e7\u00e3o no agroneg\u00f3cio nacional e internacional em Gramado (RS). O evento \u00e9 uma realiza\u00e7\u00e3o da CCGL e conta com o patroc\u00ednio do terminal Termasa e com o apoio da Fecoagro e do Sistema Ocergs-Sescoop\/RS. (Fonte: RTC\/Foto: Carolina Jardine)<\/p>\n<p><img decoding=\"async\" src=\"https:\/\/dl.dnzdns.com\/v\/UEQBf4ABF0117\" alt=\"\" data-cke-saved-src=\"https:\/\/dl.dnzdns.com\/v\/UEQBf4ABF0117\"><\/p>\n<p><b>Rela\u00e7\u00e3o de troca entre leite e milho \u00e9 a melhor em 5 anos<br \/>\n<\/b><br \/>\nO pre\u00e7o do leite pago ao produtor no Brasil subiu por seis meses seguidos, de mar\u00e7o a agosto, e o do milho, o principal insumo da pecu\u00e1ria leiteira, caiu no mesmo intervalo. Assim, conforme boletim da Scot Consultoria, esta \u00e9 a melhor hora para o pecuarista adquirir o insumo, dada a rela\u00e7\u00e3o de troca favor\u00e1vel.<br \/>\n&nbsp;<br \/>\nAtualmente, conforme a consultoria, s\u00e3o necess\u00e1rios 28,44 litros de leite para se comprar uma saca de 60 quilos de milho. \u201cH\u00e1 um ano, eram necess\u00e1rios 52,07 litros de leite para a compra de uma saca de milho\u201d, cita a Scot, em seu boletim. \u201cEsta \u00e9 a melhor rela\u00e7\u00e3o de troca do \u00faltimo ano; ali\u00e1s, a melhor desde setembro de 2017, quando eram necess\u00e1rios 26,09 litros para adquirir uma saca de milho\u201d, assinala.<br \/>\n&nbsp;<br \/>\nA Scot informa que, considerando-se a m\u00e9dia nacional dos 18 estados monitorados pela consultoria, o pre\u00e7o do litro pago ao produtor subiu 18,2% pelo leite entregue em julho e pago em agosto. No ano, o avan\u00e7o \u00e9 de 50,7%. \u201cAl\u00e9m da melhora na remunera\u00e7\u00e3o no campo, os custos com a alimenta\u00e7\u00e3o concentrada energ\u00e9tica ca\u00edram 0,8% e 10%, no m\u00eas e no ano, respectivamente, de acordo com o \u00cdndice de Custo de Produ\u00e7\u00e3o da Scot Consultoria\u201d, cita a empresa.<br \/>\n&nbsp;<br \/>\nEm rela\u00e7\u00e3o ao milho, por exemplo, a queda de pre\u00e7os neste ano j\u00e1 acumula 17,7%. Em agosto, a m\u00e9dia de pre\u00e7os da saca atingiu R$ 84,52, sendo que, em agosto de 2021, a m\u00e9dia era bem superior, de R$ 102,70.<br \/>\n&nbsp;<br \/>\nO pre\u00e7o ponderado do leite pago ao produtor em agosto\/22 foi de R$ 2,97. Em agosto\/21, pagava-se R$ 1,97. A Scot acrescenta, ainda, que os custos com alimenta\u00e7\u00e3o concentrada representam pouco mais de 20% do indicador. A rela\u00e7\u00e3o favor\u00e1vel de troca deve persistir, j\u00e1 que, no curto prazo, a Scot projeta que os pre\u00e7os do milho dever\u00e3o \u201cestar frouxos, com o fim da colheita da segunda safra e, a partir de outubro\/novembro, com a colheita da safra norte-americana, aumentando a oferta do gr\u00e3o\u201d.<br \/>\n&nbsp;<br \/>\nJ\u00e1 para o m\u00e9dio prazo, com os estoques brasileiros de milho em n\u00edveis baixos, a menor produ\u00e7\u00e3o esperada dos Estados Unidos na safra 2022\/23 e o aumento da demanda pelo gr\u00e3o no mercado internacional, o pre\u00e7o do milho deve retomar a firmeza a partir de dezembro\/22, \u201ce de olho no clima no mercado brasileiro durante a semeadura e desenvolvimento da primeira safra\u201d.<br \/>\n&nbsp;<br \/>\nO ponto que deve pesar na rela\u00e7\u00e3o de troca leite\/milho \u00e9 a expectativa de queda de pre\u00e7o do litro no pagamento de setembro, referente \u00e0 mat\u00e9ria-prima captada em agosto. \u201cA expectativa \u00e9 de queda de pre\u00e7os, acompanhando os pre\u00e7os no mercado spot\u201d, diz a Scot. \u201cNo \u00faltimo trimestre desse ano, tamb\u00e9m poderemos ver quedas, uma vez que a produ\u00e7\u00e3o dever\u00e1 aumentar, com o fim do per\u00edodo seco e retorno da capacidade de suporte das pastagens.\u201d (Canal Rural)<\/p>\n<\/div>\n<hr>\n<div id=\"icpbravoaccess_loaded\" style=\"text-align: justify;\">\n<div id=\"icpbravoaccess_loaded\">\n<div style=\"text-align: justify;\">\n<p style=\"text-align: center;\"><i style=\"font-size: 1rem;\"><b>Jogo R\u00e1pido&nbsp;<\/b><\/i><\/p>\n<\/div>\n<\/div>\n<\/div>\n<p style=\"text-align: center;\"><i><b>OCDE: PIB do G20 encolhe 0,4% no 2\u00ba tri, influenciado principalmente por China<br \/>\n<\/b>O Produto Interno Bruto (PIB) do G20, como \u00e9 conhecido o grupo das 20 maiores economias do mundo, sofreu contra\u00e7\u00e3o de 0,4% no segundo trimestre de 2022 ante os tr\u00eas meses anteriores, segundo relat\u00f3rio publicado pela Organiza\u00e7\u00e3o para a Coopera\u00e7\u00e3o e Desenvolvimento Econ\u00f4mico (OCDE) nesta ter\u00e7a-feira, 13. O desempenho contrasta com o do primeiro trimestre, quando o PIB do G20 cresceu 0,5% em rela\u00e7\u00e3o ao quarto trimestre de 2021. A desacelera\u00e7\u00e3o reflete principalmente o resultado da China, cuja economia encolheu 2,6% no segundo trimestre, depois de avan\u00e7ar 1,4% no trimestre anterior, de acordo com a OCDE. Entre abril e junho, houve quedas do PIB tamb\u00e9m na \u00cdndia (de 1,4%), na \u00c1frica do Sul (de 0,7%) e nos EUA e no Reino Unido (de 0,1%, em ambos os pa\u00edses). Apesar da contra\u00e7\u00e3o geral no G20, v\u00e1rios pa\u00edses do grupo cresceram mais no segundo trimestre do que no primeiro, ressaltou a OCDE. Foi o caso de Austr\u00e1lia, Brasil, It\u00e1lia, Jap\u00e3o, Coreia do Sul e Turquia. J\u00e1 em dois pa\u00edses do G20, M\u00e9xico e \u00c1frica do Sul, o PIB seguia abaixo dos n\u00edveis pr\u00e9-pandemia de covid-19 no fim do segundo trimestre, segundo o documento da OCDE. (GZH\/ESTAD\u00c3O CONTE\u00daDO)<\/i><\/p>\n<div id=\"icpbravoaccess_loaded\">\n<hr>\n<\/div>\n<div id=\"icpbravoaccess_loaded\">&nbsp;<\/div>\n<div id=\"icpbravoaccess_loaded\">&nbsp;<\/div>\n<div id=\"icpbravoaccess_loaded\">&nbsp;<\/div>\n<div id=\"icpbravoaccess_loaded\">&nbsp;<\/div>\n","protected":false},"excerpt":{"rendered":"<p>Porto Alegre, 15 de setembro de 2022&nbsp; &nbsp; &nbsp; &nbsp; &nbsp; &nbsp; &nbsp; &nbsp; &nbsp; &nbsp; &nbsp; &nbsp; &nbsp; &nbsp; &nbsp; &nbsp; &nbsp; &nbsp; &nbsp; &nbsp; &nbsp; &nbsp; &nbsp; &nbsp; &nbsp; &nbsp;Ano 16 - N\u00b0 3.743 F\u00f3rum Tecnol\u00f3gico do Leite ter\u00e1 programa\u00e7\u00e3o h\u00edbrida &nbsp; A 16\u00aa edi\u00e7\u00e3o do F\u00f3rum Tecnol\u00f3gico do Leite conta com programa\u00e7\u00e3o <a href=\"https:\/\/www.sindilat.com.br\/site\/2022\/09\/15\/15-09-2022\/\" class=\"more-link\">...continuar lendo<span class=\"screen-reader-text\"> \"15\/09\/2022\"<\/span><\/a><\/p>\n","protected":false},"author":2,"featured_media":0,"comment_status":"open","ping_status":"open","sticky":false,"template":"","format":"standard","meta":{"ngg_post_thumbnail":0,"footnotes":""},"categories":[28,1],"tags":[],"class_list":{"0":"post-10270","1":"post","2":"type-post","3":"status-publish","4":"format-standard","6":"category-newsletter","7":"category-uncategorized","8":"h-entry","9":"hentry","10":"h-as-article"},"_links":{"self":[{"href":"https:\/\/www.sindilat.com.br\/site\/wp-json\/wp\/v2\/posts\/10270","targetHints":{"allow":["GET"]}}],"collection":[{"href":"https:\/\/www.sindilat.com.br\/site\/wp-json\/wp\/v2\/posts"}],"about":[{"href":"https:\/\/www.sindilat.com.br\/site\/wp-json\/wp\/v2\/types\/post"}],"author":[{"embeddable":true,"href":"https:\/\/www.sindilat.com.br\/site\/wp-json\/wp\/v2\/users\/2"}],"replies":[{"embeddable":true,"href":"https:\/\/www.sindilat.com.br\/site\/wp-json\/wp\/v2\/comments?post=10270"}],"version-history":[{"count":6,"href":"https:\/\/www.sindilat.com.br\/site\/wp-json\/wp\/v2\/posts\/10270\/revisions"}],"predecessor-version":[{"id":10277,"href":"https:\/\/www.sindilat.com.br\/site\/wp-json\/wp\/v2\/posts\/10270\/revisions\/10277"}],"wp:attachment":[{"href":"https:\/\/www.sindilat.com.br\/site\/wp-json\/wp\/v2\/media?parent=10270"}],"wp:term":[{"taxonomy":"category","embeddable":true,"href":"https:\/\/www.sindilat.com.br\/site\/wp-json\/wp\/v2\/categories?post=10270"},{"taxonomy":"post_tag","embeddable":true,"href":"https:\/\/www.sindilat.com.br\/site\/wp-json\/wp\/v2\/tags?post=10270"}],"curies":[{"name":"wp","href":"https:\/\/api.w.org\/{rel}","templated":true}]}}