{"id":10186,"date":"2022-08-30T19:29:57","date_gmt":"2022-08-30T19:29:57","guid":{"rendered":"https:\/\/www.sindilat.com.br\/site\/?p=10186"},"modified":"2022-10-28T20:07:15","modified_gmt":"2022-10-28T20:07:15","slug":"8a-edicao-do-premio-sindilat-de-jornalismo","status":"publish","type":"post","link":"https:\/\/www.sindilat.com.br\/site\/2022\/08\/30\/8a-edicao-do-premio-sindilat-de-jornalismo\/","title":{"rendered":"8\u00aa edi\u00e7\u00e3o do Pr\u00eamio Sindilat de Jornalismo"},"content":{"rendered":"<p dir=\"ltr\">Durante a coletiva <span style=\"font-size: 1rem;\">na Casa da Ind\u00fastria de Latic\u00ednios do RS, realizada na 45\u00aa Expointer, o Sindicato da Ind\u00fastria de Latic\u00ednios do RS (Sindilat) tamb\u00e9m lan\u00e7ou a 8\u00aa edi\u00e7\u00e3o do Pr\u00eamio Sindilat de Jornalismo. As inscri\u00e7\u00f5es come\u00e7am nesta segunda-feira (29\/08) e v\u00e3o at\u00e9 10 de novembro. O objetivo \u00e9 valorizar o trabalho da imprensa que cobre o agroneg\u00f3cio e mostra a realidade da produ\u00e7\u00e3o de leite nas diferentes esferas. \u00c9 poss\u00edvel acessar a ficha de inscri\u00e7\u00e3o <\/span><a style=\"font-size: 1rem;\" href=\"https:\/\/www.sindilat.com.br\/site\/wp-content\/uploads\/2022\/08\/Ficha_Inscricao_2022-8-Premio-Sindilat.pdf\" target=\"_blank\" rel=\"noopener\">aqui<span class=\"screen-reader-text\">Abrir numa nova janela<\/span><\/a><span style=\"font-size: 1rem;\">&nbsp;e o regulamento&nbsp;<\/span><a style=\"font-size: 1rem;\" href=\"https:\/\/www.sindilat.com.br\/site\/wp-content\/uploads\/2022\/09\/REGULAMENTO-2022.pdf\" target=\"_blank\" rel=\"noopener\">aqui<span class=\"screen-reader-text\">Abrir numa nova janela<\/span><\/a><span style=\"font-size: 1rem;\">.<\/span><\/p>\n<div id=\"icpbravoaccess_loaded\">&nbsp;<\/div>\n","protected":false},"excerpt":{"rendered":"<p>Durante a coletiva na Casa da Ind\u00fastria de Latic\u00ednios do RS, realizada na 45\u00aa Expointer, o Sindicato da Ind\u00fastria de Latic\u00ednios do RS (Sindilat) tamb\u00e9m lan\u00e7ou a 8\u00aa edi\u00e7\u00e3o do Pr\u00eamio Sindilat de Jornalismo. As inscri\u00e7\u00f5es come\u00e7am nesta segunda-feira (29\/08) e v\u00e3o at\u00e9 10 de novembro. O objetivo \u00e9 valorizar o trabalho da imprensa que <a href=\"https:\/\/www.sindilat.com.br\/site\/2022\/08\/30\/8a-edicao-do-premio-sindilat-de-jornalismo\/\" class=\"more-link\">...continuar lendo<span class=\"screen-reader-text\"> \"8\u00aa edi\u00e7\u00e3o do Pr\u00eamio Sindilat de Jornalismo\"<\/span><\/a><\/p>\n","protected":false},"author":3,"featured_media":10187,"comment_status":"open","ping_status":"open","sticky":false,"template":"","format":"standard","meta":{"ngg_post_thumbnail":0,"footnotes":""},"categories":[18,31],"tags":[172,41,171,42],"class_list":{"0":"post-10186","1":"post","2":"type-post","3":"status-publish","4":"format-standard","5":"has-post-thumbnail","7":"category-noticias","8":"category-noticias-sindilat-tv","9":"tag-imprensa-leite","10":"tag-leite","11":"tag-premio-de-jornalismo","12":"tag-sindilat","13":"h-entry","14":"hentry","15":"h-as-article"},"_links":{"self":[{"href":"https:\/\/www.sindilat.com.br\/site\/wp-json\/wp\/v2\/posts\/10186","targetHints":{"allow":["GET"]}}],"collection":[{"href":"https:\/\/www.sindilat.com.br\/site\/wp-json\/wp\/v2\/posts"}],"about":[{"href":"https:\/\/www.sindilat.com.br\/site\/wp-json\/wp\/v2\/types\/post"}],"author":[{"embeddable":true,"href":"https:\/\/www.sindilat.com.br\/site\/wp-json\/wp\/v2\/users\/3"}],"replies":[{"embeddable":true,"href":"https:\/\/www.sindilat.com.br\/site\/wp-json\/wp\/v2\/comments?post=10186"}],"version-history":[{"count":3,"href":"https:\/\/www.sindilat.com.br\/site\/wp-json\/wp\/v2\/posts\/10186\/revisions"}],"predecessor-version":[{"id":10464,"href":"https:\/\/www.sindilat.com.br\/site\/wp-json\/wp\/v2\/posts\/10186\/revisions\/10464"}],"wp:featuredmedia":[{"embeddable":true,"href":"https:\/\/www.sindilat.com.br\/site\/wp-json\/wp\/v2\/media\/10187"}],"wp:attachment":[{"href":"https:\/\/www.sindilat.com.br\/site\/wp-json\/wp\/v2\/media?parent=10186"}],"wp:term":[{"taxonomy":"category","embeddable":true,"href":"https:\/\/www.sindilat.com.br\/site\/wp-json\/wp\/v2\/categories?post=10186"},{"taxonomy":"post_tag","embeddable":true,"href":"https:\/\/www.sindilat.com.br\/site\/wp-json\/wp\/v2\/tags?post=10186"}],"curies":[{"name":"wp","href":"https:\/\/api.w.org\/{rel}","templated":true}]}}