{"id":10176,"date":"2022-08-31T18:37:52","date_gmt":"2022-08-31T18:37:52","guid":{"rendered":"https:\/\/www.sindilat.com.br\/site\/?p=10176"},"modified":"2022-08-31T18:55:41","modified_gmt":"2022-08-31T18:55:41","slug":"31-08-2022","status":"publish","type":"post","link":"https:\/\/www.sindilat.com.br\/site\/2022\/08\/31\/31-08-2022\/","title":{"rendered":"31\/08\/2022"},"content":{"rendered":"<div id=\"icpbravoaccess_loaded\">\n<div id=\"icpbravoaccess_loaded\">\n<figure class=\"wp-block-image\" style=\"text-align: justify;\"><img loading=\"lazy\" decoding=\"async\" class=\"\" src=\"https:\/\/dl.dnzdns.com\/v\/uuURf8ABF0257\" alt=\"Newsletter Sindilat_RS\" width=\"1159\" height=\"207\"><\/figure>\n<p style=\"text-align: justify;\">Porto Alegre, 30 de agosto de 2022&nbsp; &nbsp; &nbsp; &nbsp; &nbsp; &nbsp; &nbsp; &nbsp; &nbsp; &nbsp; &nbsp; &nbsp; &nbsp; &nbsp; &nbsp; &nbsp; &nbsp; &nbsp; &nbsp; &nbsp; &nbsp; &nbsp; &nbsp; &nbsp; &nbsp; &nbsp; &nbsp; &nbsp; Ano 16 - N\u00b0 3.735<\/p>\n<hr>\n<\/div>\n<\/div>\n<div style=\"text-align: justify;\">\n<p style=\"font-weight: 400;\"><b><strong>Breunig vence 1\u00ba Pr\u00eamio Refer\u00eancia Leiteira&nbsp;<\/strong><\/b><\/p>\n<p style=\"font-weight: 400;\">A Breunig Agricultura e Pecu\u00e1ria, de Condor (RS), consagrou-se na 1\u00aa edi\u00e7\u00e3o do Pr\u00eamio Refer\u00eancia Leiteira. A propriedade da fam\u00edlia Breunig somou 243,12 pontos, destacando-se por sua efici\u00eancia produtiva e qualidade do leite. A Granja Cichelero, de Carlos Barbosa (RS), levou o segundo lugar com 202,35 pontos. A terceira coloca\u00e7\u00e3o ficou com a Cabanha DS, de Vila L\u00e2ngaro (RS), que acumulou 197,04 pontos. O m\u00e9rito, concedido por Secretaria da Agricultura, Emater\/RS e Sindicato da Ind\u00fastria de Latic\u00ednios do Rio Grande do Sul (Sindilat) foi entregue nesta quarta-feira (31\/8) em cerim\u00f4nia na Casa da Ind\u00fastria de Latic\u00ednios - Quadra 46 do Boulevard no Parque de Exposi\u00e7\u00f5es Assis Brasil, em Esteio (RS).&nbsp;<\/p>\n<p style=\"font-weight: 400;\">A fam\u00edlia Breunig tamb\u00e9m foi reconhecida em primeiro lugar na categoria Produtividade da M\u00e3o de Obra, onde foi analisada a correla\u00e7\u00e3o entre a quantidade de litros de leite produzidos e o n\u00famero de pessoas envolvidas, considerando seu grau de dedica\u00e7\u00e3o em termos de carga hor\u00e1ria e capacidade laboral. A propriedade somou 422,537 litros\/pessoa\/ ano. O segundo lugar ficou com a Cabanha DS, de Marcos Moretti Secco, de Vila L\u00e2ngaro (RS), que atingiu pontua\u00e7\u00e3o de 310,027. A propriedade Fam\u00edlia Rhoden, de Armando Jos\u00e9 Rhoden, de Tupandi (RS), fez 278,448 litros\/pessoa\/ano, conquistando a terceira coloca\u00e7\u00e3o.&nbsp;<\/p>\n<p style=\"font-weight: 400;\">Na categoria Qualidade do Leite, o primeiro lugar foi conquistado pela Est\u00e2ncia das Pedras, de Gabriel Lorenzon, de \u00c1gua Santa (RS), que alcan\u00e7ou 116,52 pontos. Em segundo lugar ficou a Cabanha Ventana, de Carmem Petersen Dias da Costa, de Boa Vista do Incra (RS), com 115,33 pontos. Logo em seguida, destacou-se a Agropecu\u00e1ria Nova Esperan\u00e7a, de Fabr\u00edcio Balerini, de Vespasiano Correa (RS), com 106,25 pontos. A categoria classificou \u00edndices qualitativos do leite como a Contagem de C\u00e9lulas Som\u00e1ticas (CCS) e Contagem Bacteriana Total (CBT).<\/p>\n<p style=\"font-weight: 400;\">A Agropecu\u00e1ria Pfeifer, de Darci S\u00e9rgio Pfeifer, de Condor (RS), sagrou-se na categoria Produtividade da Terra, com 48,019 litros de leite por hectare\/ano. J\u00e1 a Granja Saling, de Rude Saling, de S\u00e3o Martinho (RS), alcan\u00e7ou pontua\u00e7\u00e3o de 39,932, ficando em segundo lugar. A terceira coloca\u00e7\u00e3o foi conquistada pela Granja Cichelero, de Daniel Cichelero, de Carlos Barbosa (RS), com 39,724 litros de leite por hectare\/ano.&nbsp;<\/p>\n<p style=\"font-weight: 400;\">Na ocasi\u00e3o, tamb\u00e9m foi lan\u00e7ada a 2\u00aa edi\u00e7\u00e3o do Pr\u00eamio Refer\u00eancia Leiteira. A expectativa, segundo o secret\u00e1rio-executivo do Sindilat, Darlan Palharini, \u00e9 que ainda mais produtores participem a fim de reconhecer o trabalho realizado em prol do desenvolvimento do setor. \u201cEstamos muito satisfeitos com o resultado desse primeiro ano. Por meio dos dados compilados, podemos ver que os produtores est\u00e3o no caminho certo, trabalhando para entregar um leite de qualidade \u00e0 ind\u00fastria e aos consumidores finais\u201d.&nbsp;&nbsp;&nbsp;&nbsp;&nbsp;&nbsp;<\/p>\n<p style=\"font-weight: 400;\">Segundo o gerente t\u00e9cnico da Emater\/RS, Jaime Eduardo Ries, o pr\u00eamio \u00e9 um reconhecimento importante ao trabalho desses valorosos produtores que se dedicam incansavelmente a produzir um alimento de extrema qualidade e necess\u00e1rio para a alimenta\u00e7\u00e3o humana. \u201cCome\u00e7amos a ter refer\u00eancias de produtividade para o RS, com n\u00famero significativo de propriedades para que os produtores possam ver os potenciais que podem ser atingidos\u201d.<\/p>\n<p style=\"font-weight: 400;\">Durante a Expointer 2022, a Casa da Ind\u00fastria de Latic\u00ednios conta com o apoio de Tetra Pak, Sicoob, Embrapa e Universidade de Passo Fundo (UPF).(Assessoria de Imprensa Sindilat\/Cr\u00e9dito: Grasiela Duarte)<\/p>\n<p><img decoding=\"async\" src=\"https:\/\/dl.dnzdns.com\/v\/avfa74ABF0217\" alt=\"\" data-cke-saved-src=\"https:\/\/dl.dnzdns.com\/v\/avfa74ABF0217\"><\/p>\n<\/div>\n<hr>\n<p style=\"text-align: justify;\"><b>Recanto das terneiras encanta a crian\u00e7ada<\/b><br \/>\n&nbsp;<br \/>\nA quarta-feira foi de muito movimento na Casa da Ind\u00fastria de Latic\u00ednios na Expointer. As crian\u00e7as da rede p\u00fablica de Sapucaia do Sul prestigiaram o espet\u00e1culo \u201cNa Fazenda Doce de Leite\u201d e ainda se divertiram interagindo no Recanto das Terneiras. No espa\u00e7o, animais Jersey, Gir, Girolando e Holand\u00eas est\u00e3o \u00e0 mostra, viabilizando a intera\u00e7\u00e3o da crian\u00e7ada. O projeto \u00e9 supervisionado por t\u00e9cnicos da UPF.<\/p>\n<p style=\"text-align: justify;\">O projeto, realizado pelo Sindilat, busca levar informa\u00e7\u00f5es \u00e0s crian\u00e7as sobre a produ\u00e7\u00e3o leiteira, o bem-estar animal e os caminhos que leite percorre at\u00e9 chegar na prateleira do supermercado. S\u00f3 nesta quarta, foram recebidos 768 alunos das escolas EMEF Prof\u00aa Maria da Gl\u00f3ria, EMEF Lourdes Fontoura, EMEB Jo\u00e3o de Barro, EMEF Vanessa Ceconet, EMEF Afonso Guerreiro Lima, EMEF Jos\u00e9 Pl\u00e1cido de Castro, EMEF Francisco Greiss, EMEF Professora Aurialicia, EMEF Alfredo Juliano, EMEB Alberto Santos Dumont, EMEF Pref. Jo\u00e3o Freitas filho, EMEF Dr. J\u00falio Casado, EMEF Padre R\u00e9us, EMEF J\u00falio Str\u00f6her, EMEF Justino Camboim.&nbsp;<br \/>\n&nbsp;<br \/>\nNovas apresenta\u00e7\u00f5es ocorrer\u00e3o ao longo dessa semana na Quadra 46 do Boulevard no Parque de Exposi\u00e7\u00f5es Assis Brasil. Durante a Expointer 2022, a Casa da Ind\u00fastria de Latic\u00ednios conta com o apoio de Tetra Pak, Sicoob, Embrapa e Universidade de Passo Fundo (UPF). (Assessoria de imprensa Sindilat)<\/p>\n<p style=\"text-align: justify;\"><b>Sindilat pede revoga\u00e7\u00e3o de al\u00edvio tribut\u00e1rio ao whey protein importado<\/b><br \/>\n&nbsp;<br \/>\nO Sindicato das Ind\u00fastrias de Latic\u00ednios do Rio Grande do Sul (Sindilat\/RS) pediu ao governo federal que revogue a desonera\u00e7\u00e3o das importa\u00e7\u00f5es de whey protein ou que, como alternativa, o governo ofere\u00e7a \u00e0s empresas nacionais cr\u00e9dito presumido de PIS e Cofins de 9,25% sobre a compra de soro de leite produzido no Brasil. O benef\u00edcio se estenderia durante todo o per\u00edodo de vig\u00eancia da redu\u00e7\u00e3o do imposto do produto importado.<br \/>\n&nbsp;<br \/>\nEm of\u00edcio ao Minist\u00e9rio da Agricultura, o Sindilat\/RS diz que a decis\u00e3o de desonerar a importa\u00e7\u00e3o do whey protein vai gerar \"severos preju\u00edzos\" \u00e0 cadeia produtiva nacional, com impacto sobre os pre\u00e7os do queijo e sobre o valor pago aos produtores de leite. \"A decis\u00e3o vai gerar reflexos nos trabalhadores das ind\u00fastrias e nos produtores de leite, al\u00e9m de sepultar a possibilidade de novos investimentos dessa linha de produtos no pa\u00eds, que representa o maior grau de industrializa\u00e7\u00e3o e tecnologia aplicada a atividade\", diz o documento. De acordo com a entidade, desde 2014, os investimentos na constru\u00e7\u00e3o de plantas industriais e na incorpora\u00e7\u00e3o de tecnologia importada para produ\u00e7\u00e3o de whey protein foram de mais de R$ 1 bilh\u00e3o s\u00f3 no Rio Grande do Sul.&nbsp;<br \/>\n&nbsp;<br \/>\nA proposta de concess\u00e3o de cr\u00e9dito presumido \u00e9 para a compra nacional de soro de leite fluido produzido no Brasil destinado ao uso direto na produ\u00e7\u00e3o de whey protein ou lactose. O processo de industrializa\u00e7\u00e3o do soro para obten\u00e7\u00e3o do suplemento gera, necessariamente, a lactose, e por isso a inclus\u00e3o do produto no pedido, explicou o Sindilat. O Brasil compra whey protein principalmente dos Estados Unidos e da Argentina, que respondem por 53% e 36% do volume das importa\u00e7\u00f5es, respectivamente. \"Conceder tratamento tribut\u00e1rio privilegiado \u00e0 produ\u00e7\u00e3o importada significa inviabilizar a produ\u00e7\u00e3o local de um dos produtos de maior valor agregado do segmento l\u00e1cteo, gerando profundos impactos na rentabilidade de toda a cadeia\", completou a entidade. No in\u00edcio desta semana, a presid\u00eancia da Rep\u00fablica encaminhou o assunto ao Minist\u00e9rio da Economia e \u00e0 Secretaria de Governo, ap\u00f3s o deputado federal Jer\u00f4nimo Goergen (PP-RS) solicitar explica\u00e7\u00f5es e alertar para os riscos econ\u00f4micos da desonera\u00e7\u00e3o do whey protein importado, conforme mostrou o Valor. (Valor Econ\u00f4mico)<\/p>\n<hr>\n<div id=\"icpbravoaccess_loaded\" style=\"text-align: justify;\">\n<div id=\"icpbravoaccess_loaded\">\n<div style=\"text-align: justify;\">\n<p style=\"text-align: center;\"><i style=\"font-size: 1rem;\"><b>Jogo R\u00e1pido&nbsp;<\/b><\/i><\/p>\n<\/div>\n<\/div>\n<\/div>\n<p style=\"text-align: center;\"><i><b>Meio ambiente e produ\u00e7\u00e3o leiteira caminham lado a lado<\/b><br \/>\nO primeiro encontro do MilkPoint Experts: Feras da Sustentabilidade aconteceu na \u00faltima sexta-feira e foi incr\u00edvel poder contar com a participa\u00e7\u00e3o de palestrantes t\u00e3o por dentro do assunto e que trouxeram pontos extremamente relevantes para que o desenvolvimento da atividade leiteira posso seguir em conjunto com a sustentabilidade e o meio ambiente, pois, assim como falado no evento, as duas coisas andam juntas. Mas, se voc\u00ea n\u00e3o pode participar ao vivo das palestras e do debate riqu\u00edssimo e cheio de conhecimento e informa\u00e7\u00e3o, n\u00e3o fique triste! O Feras da Sustentabilidade ficar\u00e1 gravado e dispon\u00edvel no YouTube para voc\u00ea ter acesso \u00e0s informa\u00e7\u00f5es.&nbsp;<a href=\"https:\/\/www.youtube.com\/watch?v=zq5vYJ9MGZo\" data-cke-saved-href=\"https:\/\/www.youtube.com\/watch?v=zq5vYJ9MGZo\">Acesse o canal do Milkpoint, assista e compartilhe<\/a>, afinal, um conte\u00fado t\u00e3o rico assim voc\u00ea n\u00e3o pode guardar s\u00f3 para voc\u00ea, n\u00e3o \u00e9 mesmo?! Mas lembre-se: para ganhar o certificado, voc\u00ea deve se inscrever no evento e pode fazer isso clicando nesse link. E mais, quem estiver inscrito no evento garante o recebimento dos conte\u00fados disponibilizados pelos palestrantes. N\u00e3o perca a oportunidade! E n\u00e3o esque\u00e7a que esse foi s\u00f3 o primeiro dos 6 encontros. Na pr\u00f3xima sexta-feira (02\/09), daremos continuidade ao do MilkPoint Experts: Feras da Sustentabilidade. N\u00e3o fique de fora,&nbsp;<a href=\"https:\/\/www.milkpointexperts.com.br\/feras-sustentabilidade\/\" data-cke-saved-href=\"https:\/\/www.milkpointexperts.com.br\/feras-sustentabilidade\/\">se inscreva gratuitamente<\/a>! (Milkpoint)<\/i><\/p>\n<div id=\"icpbravoaccess_loaded\">\n<hr>\n<\/div>\n<div id=\"icpbravoaccess_loaded\">&nbsp;<\/div>\n<div id=\"icpbravoaccess_loaded\">&nbsp;<\/div>\n<div id=\"icpbravoaccess_loaded\">&nbsp;<\/div>\n<div id=\"icpbravoaccess_loaded\">&nbsp;<\/div>\n<div id=\"icpbravoaccess_loaded\">&nbsp;<\/div>\n<div id=\"icpbravoaccess_loaded\">&nbsp;<\/div>\n","protected":false},"excerpt":{"rendered":"<p>Porto Alegre, 30 de agosto de 2022&nbsp; &nbsp; &nbsp; &nbsp; &nbsp; &nbsp; &nbsp; &nbsp; &nbsp; &nbsp; &nbsp; &nbsp; &nbsp; &nbsp; &nbsp; &nbsp; &nbsp; &nbsp; &nbsp; &nbsp; &nbsp; &nbsp; &nbsp; &nbsp; &nbsp; &nbsp; &nbsp; &nbsp; Ano 16 - N\u00b0 3.735 Breunig vence 1\u00ba Pr\u00eamio Refer\u00eancia Leiteira&nbsp; A Breunig Agricultura e Pecu\u00e1ria, de Condor (RS), consagrou-se na <a href=\"https:\/\/www.sindilat.com.br\/site\/2022\/08\/31\/31-08-2022\/\" class=\"more-link\">...continuar lendo<span class=\"screen-reader-text\"> \"31\/08\/2022\"<\/span><\/a><\/p>\n","protected":false},"author":2,"featured_media":0,"comment_status":"open","ping_status":"open","sticky":false,"template":"","format":"standard","meta":{"ngg_post_thumbnail":0,"footnotes":""},"categories":[28],"tags":[],"class_list":{"0":"post-10176","1":"post","2":"type-post","3":"status-publish","4":"format-standard","6":"category-newsletter","7":"h-entry","8":"hentry","9":"h-as-article"},"_links":{"self":[{"href":"https:\/\/www.sindilat.com.br\/site\/wp-json\/wp\/v2\/posts\/10176","targetHints":{"allow":["GET"]}}],"collection":[{"href":"https:\/\/www.sindilat.com.br\/site\/wp-json\/wp\/v2\/posts"}],"about":[{"href":"https:\/\/www.sindilat.com.br\/site\/wp-json\/wp\/v2\/types\/post"}],"author":[{"embeddable":true,"href":"https:\/\/www.sindilat.com.br\/site\/wp-json\/wp\/v2\/users\/2"}],"replies":[{"embeddable":true,"href":"https:\/\/www.sindilat.com.br\/site\/wp-json\/wp\/v2\/comments?post=10176"}],"version-history":[{"count":6,"href":"https:\/\/www.sindilat.com.br\/site\/wp-json\/wp\/v2\/posts\/10176\/revisions"}],"predecessor-version":[{"id":10185,"href":"https:\/\/www.sindilat.com.br\/site\/wp-json\/wp\/v2\/posts\/10176\/revisions\/10185"}],"wp:attachment":[{"href":"https:\/\/www.sindilat.com.br\/site\/wp-json\/wp\/v2\/media?parent=10176"}],"wp:term":[{"taxonomy":"category","embeddable":true,"href":"https:\/\/www.sindilat.com.br\/site\/wp-json\/wp\/v2\/categories?post=10176"},{"taxonomy":"post_tag","embeddable":true,"href":"https:\/\/www.sindilat.com.br\/site\/wp-json\/wp\/v2\/tags?post=10176"}],"curies":[{"name":"wp","href":"https:\/\/api.w.org\/{rel}","templated":true}]}}