{"id":10143,"date":"2022-08-26T19:08:42","date_gmt":"2022-08-26T19:08:42","guid":{"rendered":"https:\/\/www.sindilat.com.br\/site\/?p=10143"},"modified":"2022-08-26T19:08:42","modified_gmt":"2022-08-26T19:08:42","slug":"fazenda-doce-de-leite-tem-pre-estreia-com-casa-cheia","status":"publish","type":"post","link":"https:\/\/www.sindilat.com.br\/site\/2022\/08\/26\/fazenda-doce-de-leite-tem-pre-estreia-com-casa-cheia\/","title":{"rendered":"Fazenda Doce de Leite tem pr\u00e9-estreia com casa cheia"},"content":{"rendered":"<p>A Expointer ainda nem come\u00e7ou e a Casa da Ind\u00fastria de Latic\u00ednios j\u00e1 deu start em sua agenda de eventos. Em sess\u00e3o com casa cheia realizada nesta quinta-feira (25\/08), a pe\u00e7a teatral Na Fazenda Doce de Leite realizou sua pr\u00e9-estreia na 45\u00aa edi\u00e7\u00e3o da exposi\u00e7\u00e3o. O encontro contou com o prefeito de Sapucaia do Sul, Volmir Rodrigues, com a primeira dama Maria da Gl\u00f3ria Rodrigues, e com a secret\u00e1ria municipal de Educa\u00e7\u00e3o, Djoidy Felipin, al\u00e9m de diretores das escolas participantes.<\/p>\n<p>O secret\u00e1rio-executivo do Sindilat, Darlan Palharini, abriu a programa\u00e7\u00e3o da Expointer 2022 com sauda\u00e7\u00e3o e apresenta\u00e7\u00e3o do projeto desenvolvido pelo Sindilat, pelo Minist\u00e9rio da Agricultura e pela Embrapa. A a\u00e7\u00e3o destina-se a orientar crian\u00e7as entre 5 e 10 anos sobre a origem do leite e o processo que envolve sua produ\u00e7\u00e3o, do campo \u00e0 mesa. O projeto piloto est\u00e1 sendo desenvolvido com a Prefeitura de Sapucaia do Sul. \u201cVamos dar sequ\u00eancia a essa a\u00e7\u00e3o nas escolas. Leite \u00e9 uma quest\u00e3o de sa\u00fade, \u00e9 c\u00e1lcio, \u00e9 vida\u201d, disse o prefeito, declarando-se um consumidor \u00e1vido de leite.<\/p>\n<p>De forma l\u00fadica, o grupo teatral Khaos C\u00eanica contou a hist\u00f3ria do menino Arthur, que herda uma fazenda e recebe o desafio de torn\u00e1-la rent\u00e1vel em apenas 30 dias. Al\u00e9m do trabalho duro voltado \u00e0 qualidade e bem-estar dos animais, o garoto conta com a ajuda de um time de animais pra l\u00e1 de especial.<\/p>\n<p>A estreia oficial da pe\u00e7a Na Fazenda Doce de Leite ocorre neste s\u00e1bado, 15h, no palco da Casa da Ind\u00fastria de Latic\u00ednios, no Boulevard do Parque de Exposi\u00e7\u00f5es Assis Brasil, em Esteio (RS). A programa\u00e7\u00e3o segue ao longo da semana e a expectativa \u00e9 receber mais de 4 mil crian\u00e7as at\u00e9 o pr\u00f3ximo domingo (4\/09), quando termina a Expointer.<\/p>\n<p>Foto em destaque: Carolina Jardine<\/p>\n","protected":false},"excerpt":{"rendered":"<p>A Expointer ainda nem come\u00e7ou e a Casa da Ind\u00fastria de Latic\u00ednios j\u00e1 deu start em sua agenda de eventos. Em sess\u00e3o com casa cheia realizada nesta quinta-feira (25\/08), a pe\u00e7a teatral Na Fazenda Doce de Leite realizou sua pr\u00e9-estreia na 45\u00aa edi\u00e7\u00e3o da exposi\u00e7\u00e3o. O encontro contou com o prefeito de Sapucaia do Sul, <a href=\"https:\/\/www.sindilat.com.br\/site\/2022\/08\/26\/fazenda-doce-de-leite-tem-pre-estreia-com-casa-cheia\/\" class=\"more-link\">...continuar lendo<span class=\"screen-reader-text\"> \"Fazenda Doce de Leite tem pr\u00e9-estreia com casa cheia\"<\/span><\/a><\/p>\n","protected":false},"author":3,"featured_media":10144,"comment_status":"open","ping_status":"open","sticky":false,"template":"","format":"standard","meta":{"ngg_post_thumbnail":0,"footnotes":""},"categories":[18,31],"tags":[95,41,47,42],"class_list":{"0":"post-10143","1":"post","2":"type-post","3":"status-publish","4":"format-standard","5":"has-post-thumbnail","7":"category-noticias","8":"category-noticias-sindilat-tv","9":"tag-expointer","10":"tag-leite","11":"tag-setor-lacteo","12":"tag-sindilat","13":"h-entry","14":"hentry","15":"h-as-article"},"_links":{"self":[{"href":"https:\/\/www.sindilat.com.br\/site\/wp-json\/wp\/v2\/posts\/10143","targetHints":{"allow":["GET"]}}],"collection":[{"href":"https:\/\/www.sindilat.com.br\/site\/wp-json\/wp\/v2\/posts"}],"about":[{"href":"https:\/\/www.sindilat.com.br\/site\/wp-json\/wp\/v2\/types\/post"}],"author":[{"embeddable":true,"href":"https:\/\/www.sindilat.com.br\/site\/wp-json\/wp\/v2\/users\/3"}],"replies":[{"embeddable":true,"href":"https:\/\/www.sindilat.com.br\/site\/wp-json\/wp\/v2\/comments?post=10143"}],"version-history":[{"count":1,"href":"https:\/\/www.sindilat.com.br\/site\/wp-json\/wp\/v2\/posts\/10143\/revisions"}],"predecessor-version":[{"id":10145,"href":"https:\/\/www.sindilat.com.br\/site\/wp-json\/wp\/v2\/posts\/10143\/revisions\/10145"}],"wp:featuredmedia":[{"embeddable":true,"href":"https:\/\/www.sindilat.com.br\/site\/wp-json\/wp\/v2\/media\/10144"}],"wp:attachment":[{"href":"https:\/\/www.sindilat.com.br\/site\/wp-json\/wp\/v2\/media?parent=10143"}],"wp:term":[{"taxonomy":"category","embeddable":true,"href":"https:\/\/www.sindilat.com.br\/site\/wp-json\/wp\/v2\/categories?post=10143"},{"taxonomy":"post_tag","embeddable":true,"href":"https:\/\/www.sindilat.com.br\/site\/wp-json\/wp\/v2\/tags?post=10143"}],"curies":[{"name":"wp","href":"https:\/\/api.w.org\/{rel}","templated":true}]}}