{"id":10118,"date":"2022-08-22T19:23:19","date_gmt":"2022-08-22T19:23:19","guid":{"rendered":"https:\/\/www.sindilat.com.br\/site\/?p=10118"},"modified":"2022-08-22T19:25:06","modified_gmt":"2022-08-22T19:25:06","slug":"22-08-2022","status":"publish","type":"post","link":"https:\/\/www.sindilat.com.br\/site\/2022\/08\/22\/22-08-2022\/","title":{"rendered":"22\/08\/2022"},"content":{"rendered":"<div id=\"icpbravoaccess_loaded\">\n<div id=\"icpbravoaccess_loaded\">\n<figure class=\"wp-block-image\" style=\"text-align: justify;\"><img loading=\"lazy\" decoding=\"async\" class=\"\" src=\"https:\/\/dl.dnzdns.com\/v\/uuURf8ABF0257\" alt=\"Newsletter Sindilat_RS\" width=\"1159\" height=\"207\"><\/figure>\n<p style=\"text-align: justify;\">Porto Alegre, 22 de agosto de 2022&nbsp; &nbsp; &nbsp; &nbsp; &nbsp; &nbsp; &nbsp; &nbsp; &nbsp; &nbsp; &nbsp; &nbsp; &nbsp; &nbsp; &nbsp; &nbsp; &nbsp; &nbsp; &nbsp; &nbsp; &nbsp; &nbsp; &nbsp; &nbsp; &nbsp; &nbsp; &nbsp; &nbsp; Ano 16 - N\u00b0 3.728<\/p>\n<hr>\n<\/div>\n<\/div>\n<p style=\"text-align: justify;\"><b>USDA \u2013 A produ\u00e7\u00e3o de leite da Europa Ocidental mant\u00e9m a tend\u00eancia de queda sazonal<br \/>\n<\/b>&nbsp;<br \/>\nEm muitos pa\u00edses, a capta\u00e7\u00e3o de leite est\u00e1 abaixo dos volumes na compara\u00e7\u00e3o anual. No entanto, alguns pa\u00edses como \u00c1ustria, B\u00e9lgica, Rep\u00fablica Checa, Dinamarca e Pa\u00edses B\u00e1lticos tiveram crescimento da produ\u00e7\u00e3o no primeiro semestre do ano.<br \/>\n&nbsp;<br \/>\nA estimativa \u00e9 de que a capta\u00e7\u00e3o de leite de vaca pelas ind\u00fastrias de latic\u00ednios de janeiro a junho de 2022 tenha registrado queda de 0,7% em compara\u00e7\u00e3o com a produ\u00e7\u00e3o de leite da Uni\u00e3o Europeia (UE) de janeiro a junho de 2021. Entre os principais pa\u00edses produtores, as varia\u00e7\u00f5es foram: Alemanha, -1,5%; Fran\u00e7a, -1,4%; Holanda, -1,5% e It\u00e1lia sem altera\u00e7\u00e3o.<br \/>\n&nbsp;<br \/>\nO calor do ver\u00e3o e as condi\u00e7\u00f5es secas continuam a prejudicar a produ\u00e7\u00e3o de leite e puxam o teor de s\u00f3lidos para baixo. Apesar poucas \u00e1reas da Europa terem recebido alguma chuva e aliviado as altas temperaturas, os agricultores est\u00e3o preocupados com o impacto da seca nas culturas e no rebanho. Em alguns casos, caminh\u00f5es levam \u00e1gua para os vilarejos onde os c\u00f3rregos e fontes de \u00e1gua secaram. Os helic\u00f3pteros distribuem \u00e1gua nas montanhas para o gado.<br \/>\n&nbsp;<br \/>\nA UE estima que a colheita de milho pode ter perda de 15% devido \u00e0 falta de chuva. Como os europeus j\u00e1 enfrentam custos mais altos de alimentos e ra\u00e7\u00f5es devido \u00e0s exporta\u00e7\u00f5es de gr\u00e3os da R\u00fassia e Ucr\u00e2nia estarem abaixo do normal, a quebra de safra sinaliza potencial escassez de alimentos para os animais, o que pode acentuar a queda da produ\u00e7\u00e3o de leite.<br \/>\n&nbsp;<img loading=\"lazy\" decoding=\"async\" class=\"\" src=\"https:\/\/dl.dnzdns.com\/v\/imqb46ABF0217\" alt=\"\" width=\"618\" height=\"292\" data-cke-saved-src=\"https:\/\/dl.dnzdns.com\/v\/imqb46ABF0217\"><\/p>\n<p style=\"text-align: justify;\">A Comiss\u00e3o da UE ratificou a proposta de reduzir em 15% a utiliza\u00e7\u00e3o do g\u00e1s natural pelos estados membros de 1\u00ba de agosto de 2022 a 31 de mar\u00e7o de 2023. A medida visa manter as reservas de g\u00e1s natural antes e durante o aquecimento do inverno. At\u00e9 agora, n\u00e3o est\u00e1 claro como essa redu\u00e7\u00e3o ir\u00e1 impactar no uso de g\u00e1s para a secagem de leite em p\u00f3.<br \/>\n&nbsp;<br \/>\n\u00c0 medida que a Europa enfrenta elevados custos de energia, alimentos, ra\u00e7\u00e3o e fertilizantes decorrentes da pandemia, da guerra da Ucr\u00e2nia e outras desordens do mercado, a UE se aproximou do governo brasileiro procurando reabrir as negocia\u00e7\u00f5es com o bloco Mercosul (Argentina, Brasil, Paraguai e Uruguai).<br \/>\n&nbsp;<br \/>\nEm princ\u00edpio as negocia\u00e7\u00f5es haviam sido completadas em 2019, mas quest\u00f5es ambientais impediram a ratifica\u00e7\u00e3o pelos estados membros da UE.<br \/>\n&nbsp;<br \/>\nNo Leste Europeu a tend\u00eancia \u00e9 de queda sazonal da produ\u00e7\u00e3o de leite. As temperaturas elevadas e a seca se estenderam at\u00e9 a Europa Oriental, onde ocorreu tamb\u00e9m a redu\u00e7\u00e3o da produ\u00e7\u00e3o de leite e das colheitas. Um ponto positivo foi registrado na Pol\u00f4nia, onde houve crescimento do volume de leite este ano. Em julho de 2022, as ind\u00fastrias receberam 1,2% mais de leite, em rela\u00e7\u00e3o ao mesmo m\u00eas de 2021.<br \/>\n&nbsp;<br \/>\nOs primeiros navios com carregamento de gr\u00e3os da Ucr\u00e2nia deixaram os portos do Mar Negro e est\u00e3o saindo da regi\u00e3o. O governo ucraniano estima que, anos ap\u00f3s ano, as exporta\u00e7\u00f5es de gr\u00e3os sejam aproximadamente a metade dos n\u00edveis do ano anterior. Al\u00e9m disso, a Ucr\u00e2nia acredita que a colheita de gr\u00e3os de 2022 ser\u00e1 60% do volume recorde de 2021, devido aos baixos rendimentos e terras perdidas para o conflito com a R\u00fassia. (Fonte: Usda \u2013 Tradu\u00e7\u00e3o Livre: Terra Viva)<\/p>\n<p style=\"text-align: justify;\"><img decoding=\"async\" src=\"https:\/\/dl.dnzdns.com\/v\/Tg2waaABF0234\" alt=\"\" data-cke-saved-src=\"https:\/\/dl.dnzdns.com\/v\/Tg2waaABF0234\"><\/p>\n<hr>\n<p style=\"text-align: justify;\"><b>USDA - A produ\u00e7\u00e3o de leite na Nova Zel\u00e2ndia em queda compromete a renda do produtor<br \/>\n<\/b><br \/>\nA Austr\u00e1lia continua enfrentando o desafio da queda da produ\u00e7\u00e3o de leite. Atr\u00e1s disso est\u00e1 a escassez de m\u00e3o de obra para trabalhar nas fazendas e nas ind\u00fastrias. S\u00e3o produtores reduzindo o n\u00famero de vacas ou abandonando a atividade.&nbsp;<\/p>\n<p style=\"text-align: justify;\">A situa\u00e7\u00e3o vai ficando bastante peculiar, \u00e0 medida que cresce a concorr\u00eancia das ind\u00fastrias pelo leite, diante do d\u00e9ficit da oferta de mat\u00e9ria prima. O recente recorde do aumento do leite pegou muitas ind\u00fastrias de surpresa e \u00e9 uma situa\u00e7\u00e3o preocupante. Alguns avaliam que \u00e9 um grande risco, pois aumentam os custos junto com o desaparecimento das margens. De acordo com esta abordagem, e j\u00e1 que as exporta\u00e7\u00f5es australianas de produtos l\u00e1cteos n\u00e3o s\u00e3o as impulsionadoras do setor de latic\u00ednios, o consumidor dom\u00e9stico \u00e9 que deve arcar com os custos, complicando ainda mais a situa\u00e7\u00e3o do leite. Al\u00e9m do mais, houve perda do mercado exportador no acumulado do ano, adicionando mais press\u00e3o sobre a cadeia do leite.<\/p>\n<p style=\"text-align: justify;\">Na Nova Zel\u00e2ndia, enquanto a produ\u00e7\u00e3o cai, os custos nas fazendas continuam comprometendo o faturamento e corroendo o aumento do pre\u00e7o do leite ao produtor.<\/p>\n<p style=\"text-align: justify;\">Especialistas indicam que as despesas operacionais das fazendas leiteiras, incluindo juros, alugu\u00e9is e impostos, s\u00e3o 22% superiores \u00e0s da temporada de produ\u00e7\u00e3o de leite de 2021.<\/p>\n<p style=\"text-align: justify;\"><img loading=\"lazy\" decoding=\"async\" class=\"\" src=\"https:\/\/dl.dnzdns.com\/v\/c5xAc6ABF0215\" alt=\"\" width=\"619\" height=\"287\" data-cke-saved-src=\"https:\/\/dl.dnzdns.com\/v\/c5xAc6ABF0215\"><\/p>\n<p style=\"text-align: justify;\">A rea\u00e7\u00e3o ao pre\u00e7o fixo do leite (FMP) introduzido recentemente pela grande ind\u00fastria neozelandesa, [Fonterra], para seus fornecedores, provavelmente levar\u00e1 a uma grande ades\u00e3o, como aconteceu em julho, para se protegerem da volatilidade do mercado.&nbsp;&nbsp;Enquanto isso, os produtores se preparam para o per\u00edodo de pari\u00e7\u00f5es, planejando o manejo da ra\u00e7\u00e3o escassa junto com pastagens de m\u00e1 qualidade. A escassez global de transporte de carga dificulta a entrada de produtos no pa\u00eds.<\/p>\n<p style=\"text-align: justify;\">De outro lado, as preocupa\u00e7\u00f5es da China acerca do registro de febre aftosa (FMD) dentro das fronteiras da Nova Zel\u00e2ndia, levaram a uma suspens\u00e3o tempor\u00e1ria de algumas importa\u00e7\u00f5es do pa\u00eds. Representantes da Nova Zel\u00e2ndia asseguram, no entanto, que o pa\u00eds \u00e9 livre de FMD, e observaram que a suspens\u00e3o de importa\u00e7\u00f5es chinesas n\u00e3o inclui a ind\u00fastria de latic\u00ednios. (Fonte: Usda \u2013 Tradu\u00e7\u00e3o Livre: Terra Viva)<\/p>\n<p><img decoding=\"async\" src=\"https:\/\/dl.dnzdns.com\/v\/Y7nHe7ABF0293\" alt=\"\" data-cke-saved-src=\"https:\/\/dl.dnzdns.com\/v\/Y7nHe7ABF0293\"><\/p>\n<p style=\"text-align: justify;\"><strong>ApexBrasil: sauditas e eg\u00edpcios em a\u00e7\u00e3o online de neg\u00f3cios<\/strong><br \/>\n&nbsp;<br \/>\nA Ag\u00eancia Brasileira de Promo\u00e7\u00e3o de Exporta\u00e7\u00f5es e Investimentos (ApexBrasil) tem inscri\u00e7\u00f5es abertas para empresas brasileiras interessadas em participar do Agro Meet &amp; Export 2022, uma a\u00e7\u00e3o de promo\u00e7\u00e3o comercial virtual que incluir\u00e1 rodadas de neg\u00f3cios com importadores da Argentina, Paraguai, Chile, Ar\u00e1bia Saudita, China e Egito. A iniciativa \u00e9 voltada a alimentos e bebidas.<br \/>\n&nbsp;<br \/>\nDe acordo com informa\u00e7\u00f5es divulgadas pela ApexBrasil, a a\u00e7\u00e3o ter\u00e1 qualifica\u00e7\u00e3o das empresas, com semin\u00e1rios com especialistas, visita t\u00e9cnica e mentoria individual, e ser\u00e1 finalizada com a rodada de neg\u00f3cios online. Para cada um dos cinco mercados foco (a a\u00e7\u00e3o \u00e9 conjunta para Argentina e Paraguai) h\u00e1 vagas para 20 empresas, com expectativa de um m\u00ednimo de tr\u00eas reuni\u00f5es de neg\u00f3cios para cada uma.<br \/>\n&nbsp;<br \/>\nAs inscri\u00e7\u00f5es para Argentina e Paraguai e para o Chile se encerraram na \u00faltima sexta-feira (19). Para a miss\u00e3o virtual \u00e0 Ar\u00e1bia Saudita o prazo de inscri\u00e7\u00e3o \u00e9 16 de setembro, para China \u00e9 23 de setembro e para Egito \u00e9 30 de setembro. Para qualquer uma das etapas, a inscri\u00e7\u00e3o pode ser feita pela internet.<br \/>\n&nbsp;<br \/>\nDe acordo com a ApexBrasil, as inscri\u00e7\u00f5es para o Agro Meet &amp; Export podem ser feitas independentemente da maturidade exportadora da empresa. O programa tem como objetivo aumentar o valor da exporta\u00e7\u00e3o do Brasil para os mercados selecionados, diversificar a pauta exportadora e qualificar as companhias para a explora\u00e7\u00e3o de novos mercados.<br \/>\n&nbsp;<br \/>\nO programa tem apoio do Minist\u00e9rio das Rela\u00e7\u00f5es Exteriores e do Minist\u00e9rio da Agricultura, Pecu\u00e1ria e Abastecimento. A ApexBrasil informa que no ano que vem o programa Agro Meet &amp; Export deve ter novos desdobramentos, trabalhando tr\u00eas outros mercados, que ser\u00e3o \u00cdndia, M\u00e9xico e Indon\u00e9sia. (Fonte: Ag\u00eancia De Not\u00edcias Brasil-\u00c1rabe)<\/p>\n<hr>\n<div id=\"icpbravoaccess_loaded\" style=\"text-align: justify;\">\n<div id=\"icpbravoaccess_loaded\">\n<div style=\"text-align: justify;\">\n<p style=\"text-align: center;\"><i style=\"font-size: 1rem;\"><b>Jogo R\u00e1pido&nbsp;<\/b><\/i><\/p>\n<\/div>\n<\/div>\n<\/div>\n<p style=\"text-align: center;\"><i><b>SEAPDR instala sede em Esteio<br \/>\n<\/b>O secret\u00e1rio da Agricultura, Domingos Antonio Velho Lopes, passar\u00e1 a trabalhar no Paque Parque Estadual de Exposi\u00e7\u00f5es Assis Brasil (PEEAB) a partir de segunda-feira. A decis\u00e3o deve-se \u00e0 proximidade da 45\u00aa Expointer, que abrir\u00e1 os port\u00f5es no pr\u00f3ximo s\u00e1bado, dia 27 de agosto. A estrutura do gabinete ficar\u00e1 instalada no pr\u00e9dio da Administra\u00e7\u00e3o, onde j\u00e1 atua a subsecret\u00e1ria do PEEAB Elizabeth Cirne Lima. \u201cQueremos estar perto dos expositores, acompanhar a chegada dos animais e passar a viver o clima de Expointer\u201d, destaca o secret\u00e1rio. A primeira incumb\u00eancia ser\u00e1 acompanhar a abertura oficial dos port\u00f5es para o ingresso dos animais de argola. A cerim\u00f4nia est\u00e1 marcada para segunda-feira, dia 22, \u00e0s 8h, e contar\u00e1 com a presen\u00e7a do governador Ranolfo Vieira J\u00fanior, que tamb\u00e9m instalar\u00e1 gabinete no PEEAB durante a feira. (Correio do Povo)<\/i><\/p>\n<div id=\"icpbravoaccess_loaded\">\n<hr>\n<\/div>\n<div id=\"icpbravoaccess_loaded\">&nbsp;<\/div>\n<div id=\"icpbravoaccess_loaded\">&nbsp;<\/div>\n<div id=\"icpbravoaccess_loaded\">&nbsp;<\/div>\n","protected":false},"excerpt":{"rendered":"<p>Porto Alegre, 22 de agosto de 2022&nbsp; &nbsp; &nbsp; &nbsp; &nbsp; &nbsp; &nbsp; &nbsp; &nbsp; &nbsp; &nbsp; &nbsp; &nbsp; &nbsp; &nbsp; &nbsp; &nbsp; &nbsp; &nbsp; &nbsp; &nbsp; &nbsp; &nbsp; &nbsp; &nbsp; &nbsp; &nbsp; &nbsp; Ano 16 - N\u00b0 3.728 USDA \u2013 A produ\u00e7\u00e3o de leite da Europa Ocidental mant\u00e9m a tend\u00eancia de queda sazonal &nbsp; <a href=\"https:\/\/www.sindilat.com.br\/site\/2022\/08\/22\/22-08-2022\/\" class=\"more-link\">...continuar lendo<span class=\"screen-reader-text\"> \"22\/08\/2022\"<\/span><\/a><\/p>\n","protected":false},"author":2,"featured_media":0,"comment_status":"open","ping_status":"open","sticky":false,"template":"","format":"standard","meta":{"ngg_post_thumbnail":0,"footnotes":""},"categories":[28],"tags":[],"class_list":{"0":"post-10118","1":"post","2":"type-post","3":"status-publish","4":"format-standard","6":"category-newsletter","7":"h-entry","8":"hentry","9":"h-as-article"},"_links":{"self":[{"href":"https:\/\/www.sindilat.com.br\/site\/wp-json\/wp\/v2\/posts\/10118","targetHints":{"allow":["GET"]}}],"collection":[{"href":"https:\/\/www.sindilat.com.br\/site\/wp-json\/wp\/v2\/posts"}],"about":[{"href":"https:\/\/www.sindilat.com.br\/site\/wp-json\/wp\/v2\/types\/post"}],"author":[{"embeddable":true,"href":"https:\/\/www.sindilat.com.br\/site\/wp-json\/wp\/v2\/users\/2"}],"replies":[{"embeddable":true,"href":"https:\/\/www.sindilat.com.br\/site\/wp-json\/wp\/v2\/comments?post=10118"}],"version-history":[{"count":3,"href":"https:\/\/www.sindilat.com.br\/site\/wp-json\/wp\/v2\/posts\/10118\/revisions"}],"predecessor-version":[{"id":10122,"href":"https:\/\/www.sindilat.com.br\/site\/wp-json\/wp\/v2\/posts\/10118\/revisions\/10122"}],"wp:attachment":[{"href":"https:\/\/www.sindilat.com.br\/site\/wp-json\/wp\/v2\/media?parent=10118"}],"wp:term":[{"taxonomy":"category","embeddable":true,"href":"https:\/\/www.sindilat.com.br\/site\/wp-json\/wp\/v2\/categories?post=10118"},{"taxonomy":"post_tag","embeddable":true,"href":"https:\/\/www.sindilat.com.br\/site\/wp-json\/wp\/v2\/tags?post=10118"}],"curies":[{"name":"wp","href":"https:\/\/api.w.org\/{rel}","templated":true}]}}